{"id":12515,"date":"2011-05-24T00:00:00","date_gmt":"2011-05-23T22:00:00","guid":{"rendered":"http:\/\/www.bio-based.eu\/news\/index.php?startid=20110524-01n"},"modified":"2017-12-12T12:39:26","modified_gmt":"2017-12-12T11:39:26","slug":"werzalit-stellt-fassadenprofil-mit-metallic-effekt-vor","status":"publish","type":"post","link":"https:\/\/renewable-carbon.eu\/news\/werzalit-stellt-fassadenprofil-mit-metallic-effekt-vor\/","title":{"rendered":"Werzalit stellt Fassadenprofil mit Metallic-Effekt vor"},"content":{"rendered":"<p><b>Das einzigartiges Material besticht mit einer wirkungsvollen Optik durch neue Farben. Aus dem hochwertigen S2 Holz-Polymer-Werkstoff (WPC) wird das neue structura Fassadenprofil hergestellt. Auf der <a href=\"http:\/\/www.ligna.de\/\">LIGNA 2011<\/a> in Hannover werden die Profile in vier neuartigen Farben mit Metallic-Effekt pr\u00e4sentiert.<\/b><\/p>\n<p>Die neuen T\u00f6ne wirken hochwertig und ausgesprochen elegant. Das Farbkonzept nutzt dabei das Spiel mit dem Licht. Es lehnt sich an bekannte Gestaltungselemente an, deutet diese jedoch in eine neue, eigenst\u00e4ndige Optik um. Die im Basismaterial enthaltenen Holzfasern bilden im Zusammenspiel mit glimmernden Partikeln des \u2013 mit Pigmenten der h\u00f6chsten Lichtechtheitsstufe \u2013 UV-best\u00e4ndig eingef\u00e4rbten Polymers, eine interessante Melange, die je nach Sonneneinstrahlung unterschiedliche Farbnuancen hervorruft. silver alu wirkt beispielsweise wie samtgrau oxidiertes Aluminium; black zinc gleicht anthrazitfarbenem Titanzink oder grauem Schiefer; green copper changiert in silbrigen Gr\u00fcnt\u00f6nen und red copper in oxidartigen, rotbraunen Farbt\u00f6nen.<\/p>\n<p>Zu den Farben addieren sich die beiden unterschiedlichen Oberfl\u00e4chenstrukturen der Profile; linea, mit feinen Linien und banda, mit breiter Leistenoptik. Die beidseitig einsetzbaren Profile sind sowohl vertikal als auch horizontal zu verlegen, und zudem lassen sich beide Oberfl\u00e4chenstrukturen auch noch kombinieren. Ob als Vollfassade oder als Teilfassade zur Akzentuierung und optischen Gliederung eines Geb\u00e4udes; structura leistet damit noch mehr gestalterischen Spielraum. Durch die Farbwahl, die einheitlich metallisierende Optik und die \u00fcberlagerte Feinstruktur setzen die Profile grafische Akzente in der modernen Architektur.<\/p>\n<p>Als Vollfassade nutzt structura alle Vorteile von vorgeh\u00e4ngten, hinterl\u00fcfteten Fassaden und sch\u00fctzt einerseits die Bausubstanz vor Witterungseinfl\u00fcssen und andererseits vor Funktionsbeeintr\u00e4chtigungen durch sichere Abf\u00fchrung von Bau- und Nutzungsfeuchte. Und als Teilfassade bietet structura spannende Kombinationsm\u00f6glichkeiten mit anderen Materialien. Die Profile besitzen alle Attribute eines witterungsbest\u00e4ndigen sowie funktionalen Baudetails f\u00fcr Neubauten und Modernisierungen.<\/p>\n<p>Mit structura sind gro\u00dfe St\u00fctzabst\u00e4nde von max. 625 mm realisierbar. Durch die gro\u00dfe Deckbreite des Profils von 232 mm und durch stabile und korrosionsbest\u00e4ndige Befestigungsklammern wird eine schnelle und einfache Montage gew\u00e4hrleistet. Das Material der Profile, S2, ist ausgesprochen langlebig und pflegeleicht. Dies sowie seine Recyclingf\u00e4higkeit machen das structura Fassadenprofil zu einer nachhaltigen, wirtschaftlichen und \u00e4sthetischen L\u00f6sung f\u00fcr alle Bauherren.<\/p>\n","protected":false},"excerpt":{"rendered":"<p><b>Das einzigartiges Material besticht mit einer wirkungsvollen Optik durch neue Farben. Aus dem hochwertigen S2 Holz-Polymer-Werkstoff (WPC) wird das neue structura Fassadenprofil hergestellt. Auf der<\/b><\/p>\n","protected":false},"author":3,"featured_media":0,"comment_status":"closed","ping_status":"closed","sticky":false,"template":"","format":"standard","meta":{"_seopress_robots_primary_cat":"","nova_meta_subtitle":"","footnotes":""},"categories":[5572],"tags":[],"supplier":[475],"class_list":["post-12515","post","type-post","status-publish","format-standard","hentry","category-bio-based","supplier-werzalit-gmbh-co-kg"],"_links":{"self":[{"href":"https:\/\/renewable-carbon.eu\/news\/wp-json\/wp\/v2\/posts\/12515","targetHints":{"allow":["GET"]}}],"collection":[{"href":"https:\/\/renewable-carbon.eu\/news\/wp-json\/wp\/v2\/posts"}],"about":[{"href":"https:\/\/renewable-carbon.eu\/news\/wp-json\/wp\/v2\/types\/post"}],"author":[{"embeddable":true,"href":"https:\/\/renewable-carbon.eu\/news\/wp-json\/wp\/v2\/users\/3"}],"replies":[{"embeddable":true,"href":"https:\/\/renewable-carbon.eu\/news\/wp-json\/wp\/v2\/comments?post=12515"}],"version-history":[{"count":0,"href":"https:\/\/renewable-carbon.eu\/news\/wp-json\/wp\/v2\/posts\/12515\/revisions"}],"wp:attachment":[{"href":"https:\/\/renewable-carbon.eu\/news\/wp-json\/wp\/v2\/media?parent=12515"}],"wp:term":[{"taxonomy":"category","embeddable":true,"href":"https:\/\/renewable-carbon.eu\/news\/wp-json\/wp\/v2\/categories?post=12515"},{"taxonomy":"post_tag","embeddable":true,"href":"https:\/\/renewable-carbon.eu\/news\/wp-json\/wp\/v2\/tags?post=12515"},{"taxonomy":"supplier","embeddable":true,"href":"https:\/\/renewable-carbon.eu\/news\/wp-json\/wp\/v2\/supplier?post=12515"}],"curies":[{"name":"wp","href":"https:\/\/api.w.org\/{rel}","templated":true}]}}