{"id":12425,"date":"2011-02-24T00:00:00","date_gmt":"2011-02-23T22:00:00","guid":{"rendered":"http:\/\/www.bio-based.eu\/news\/index.php?startid=20110224-01n"},"modified":"2011-02-24T00:00:00","modified_gmt":"2011-02-23T22:00:00","slug":"fachtagung-extrusion-der-prozess-von-der-simulation-bis-zum-produkt","status":"publish","type":"post","link":"https:\/\/renewable-carbon.eu\/news\/fachtagung-extrusion-der-prozess-von-der-simulation-bis-zum-produkt\/","title":{"rendered":"Fachtagung: Extrusion \u2013 Der Prozess von der Simulation bis zum Produkt"},"content":{"rendered":"<p><b><img SRC=\"https:\/\/renewable-carbon.eu\/news\/wp-content\/uploads\/news-images\/20110224-01\/newsimage.jpg\" align=\"right\" style=\"margin-left:10px;\" BORDER=\"0\" ALT=\"Symbolbild\/Montage\"\/>Der 5. VDI-Kunststofftag an der Wests\u00e4chsischen Hochschule besch\u00e4ftigt sich vor allem mit dem Prozess der Extrusion.<\/p>\n<p>Bereits zum f\u00fcnften Mal findet am 7. April 2011 der VDI-Kunststofftag an der Wests\u00e4chsischen Hochschule Zwickau (WHZ) statt. Nach der gro\u00dfen positiven Resonanz im letzten Jahr steht erneut die Extrusion im Mittelpunkt. Unter dem Motto &#8220;Der Prozess von der Simulation bis zum Produkt &#8211; Biopolymere, NaWaRo &#038; Co&#8221; hat die Arbeitsgruppe Kunststoffverarbeitung der WHZ unter Leitung von Prof. Dr.-Ing. Lars Frormann wieder ein interessantes und hochaktuelles Programm organisiert.<\/b><\/p>\n<p>Der Einsatz nachhaltiger Werkstoffe und ressourcenschonender Prozesse wurde in den letzten Jahren durch Politik und Wirtschaft stark voran getrieben und ist mittlerweile in aller Munde. Die Veranstaltung soll anhand verschiedener Beispiele dazu beitragen, aktuelle Trends und Entwicklungen bei der Verwendung nat\u00fcrlicher Rohstoffe im Bereich der Extrusion aufzuzeigen.<\/p>\n<p>Es gibt sicher nur noch wenige Unternehmen in der Kunststoffbranche, die in den letzten Jahren nicht auf die eine oder andere Weise Ber\u00fchrungspunkte zu bioabbaubaren oder biobasierten Polymeren hatten. Im Anschluss an die Er\u00f6ffnungsvortr\u00e4ge wird deshalb &#8220;Der Markt der Biopolymere&#8221; thematisiert und dessen Rahmenbedingungen sowie Materialeigenschaften und vielf\u00e4ltige Produkte aufgezeigt. Zudem werden im ersten Teil der Veranstaltung M\u00f6glichkeiten zur praxisnahen Simulation von Extrusionsprozessen dargestellt. Zwei weitere Vortr\u00e4ge besch\u00e4ftigen sich mit biologisch abbaubaren Kunststoffen, angefangen von der Aufarbeitung biologisch abbaubarer Werkstoffe mittels Extrusion bis zu speziellen Anwendungsbereichen auf Basis von St\u00e4rke-Chitosan-Polyester-Compounds.<\/p>\n<p>Naturfaserverst\u00e4rkte Kunststoffe stellen insbesondere aus technischer und \u00f6kologischer Sicht eine interessante Werkstoffgruppe dar. Allerdings konnte dieses Potenzial in den letzten Jahren bis auf wenige Ausnahmen bei Weitem nicht ausgesch\u00f6pft werden. Aus Sicht eines Compoundeurs sowie der Arbeitsgruppe um Prof. Frormann werden daher im zweiten Teil Entwicklungen und Erfahrungen bei der Herstellung und Verarbeitung von naturfaserverst\u00e4rkten Kunststoffen dargestellt. Ein wesentlicher Grund f\u00fcr den bisher eingeschr\u00e4nkten Einsatz von NFK-Werkstoffen mittels Extrusion, aber auch dem Spritzgie\u00dfen, ist das teils problematische Handling und die Dosierung der Naturfasern. <\/p>\n<p>Der Vortrag &#8220;Naturfaser-Pellets zu Verst\u00e4rkung von (Bio-) Kunststoffen&#8221; vom nova-Institut besch\u00e4ftigt sich mit diesem Thema und zeigt neue Entwicklungen und Optimierungen beim Kompaktieren von Naturfasern auf. Die Verarbeitung der Materialien kommt ebenfalls nicht zu kurz, und so wird mit der MRS-Extrusionstechnik eine innovative technische M\u00f6glichkeit der Firma Gneu\u00df Kunststofftechnik vorgestellt.<\/p>\n<p>Der 5. VDI-Kunststofftag m\u00f6chte damit an den Erfolg der letzten Veranstaltungen ankn\u00fcpfen und allen interessierten Teilnehmern, die entlang der Extrusions-Wertsch\u00f6pfungskette arbeiten und forschen, M\u00f6glichkeiten, Perspektiven und innovative Produktionspotenziale im Bereich der Biowerkstoffe aufzeigen.<\/p>\n<p>Zur Unterstreichung der stark praxisbezogenen Beitr\u00e4ge findet der Kunststofftag in diesem Jahr erstmalig im Rahmen des 3. Symposiums Produktionstechnik statt, \u00fcber das Sie sich auf der Homepage des Veranstalters informieren k\u00f6nnen.<\/p>\n<p>Die Veranstaltung beginnt um 10:00 Uhr und endet voraussichtlich gegen 17:00 Uhr. Veranstaltungsort ist die Aula der Wests\u00e4chsischen Hochschule, Peter-Breuer-Stra\u00dfe 3, in 08056 Zwickau.<\/p>\n<p><b>Weitere Informationen<\/b>, das Programm und die Anmeldeunterlagen erhalten Sie \u00fcber <\/p>\n<p>Jan Koltermann, <br \/>Tel.: +49.375.536.1373, <br \/>per Fax unter +49.375.536.1127, <br \/>per E-Mail an <a href=\"mailto:Jan.Koltermann@fh-Zwickau.de\">Jan.Koltermann@fh-Zwickau.de<\/a><\/p>\n<p>oder direkt \u00fcber das Internet unter <a href=\"http:\/\/www.fh-zwickau.de\/kunststofftechnik\/\" >www.fh-zwickau.de\/kunststofftechnik\/<\/a>.<\/p>\n","protected":false},"excerpt":{"rendered":"<p><b>Der 5. VDI-Kunststofftag an der Wests&auml;chsischen Hochschule besch&auml;ftigt sich vor allem mit dem Prozess der Extrusion.<\/p>\n<p>Bereits zum f&uuml;nften Mal findet am 7. April<\/b><\/p>\n","protected":false},"author":3,"featured_media":0,"comment_status":"closed","ping_status":"closed","sticky":false,"template":"","format":"standard","meta":{"_seopress_robots_primary_cat":"","nova_meta_subtitle":"","footnotes":""},"categories":[5572],"tags":[],"supplier":[4,2366],"class_list":["post-12425","post","type-post","status-publish","format-standard","hentry","category-bio-based","supplier-nova-institut-gmbh","supplier-westsaechsische-hochschule-zwickau-whz-kunststofftechnik"],"_links":{"self":[{"href":"https:\/\/renewable-carbon.eu\/news\/wp-json\/wp\/v2\/posts\/12425","targetHints":{"allow":["GET"]}}],"collection":[{"href":"https:\/\/renewable-carbon.eu\/news\/wp-json\/wp\/v2\/posts"}],"about":[{"href":"https:\/\/renewable-carbon.eu\/news\/wp-json\/wp\/v2\/types\/post"}],"author":[{"embeddable":true,"href":"https:\/\/renewable-carbon.eu\/news\/wp-json\/wp\/v2\/users\/3"}],"replies":[{"embeddable":true,"href":"https:\/\/renewable-carbon.eu\/news\/wp-json\/wp\/v2\/comments?post=12425"}],"version-history":[{"count":0,"href":"https:\/\/renewable-carbon.eu\/news\/wp-json\/wp\/v2\/posts\/12425\/revisions"}],"wp:attachment":[{"href":"https:\/\/renewable-carbon.eu\/news\/wp-json\/wp\/v2\/media?parent=12425"}],"wp:term":[{"taxonomy":"category","embeddable":true,"href":"https:\/\/renewable-carbon.eu\/news\/wp-json\/wp\/v2\/categories?post=12425"},{"taxonomy":"post_tag","embeddable":true,"href":"https:\/\/renewable-carbon.eu\/news\/wp-json\/wp\/v2\/tags?post=12425"},{"taxonomy":"supplier","embeddable":true,"href":"https:\/\/renewable-carbon.eu\/news\/wp-json\/wp\/v2\/supplier?post=12425"}],"curies":[{"name":"wp","href":"https:\/\/api.w.org\/{rel}","templated":true}]}}