{"id":12299,"date":"2010-04-14T00:00:00","date_gmt":"2010-04-13T22:00:00","guid":{"rendered":"http:\/\/www.bio-based.eu\/news\/index.php?startid=20100414-04n"},"modified":"2010-04-14T00:00:00","modified_gmt":"2010-04-13T22:00:00","slug":"nature-tec-2011-anmeldung-ab-sofort-moeglich","status":"publish","type":"post","link":"https:\/\/renewable-carbon.eu\/news\/nature-tec-2011-anmeldung-ab-sofort-moeglich\/","title":{"rendered":"nature.tec 2011 \u2013 Anmeldung ab sofort m\u00f6glich"},"content":{"rendered":"<p><b>In diesem Jahr ist es erstmalig in der Geschichte der Internationalen Gr\u00fcnen Woche gelungen, nachwachsende Rohstoffe und Bioenergie in einer eigenen, einheitlich gestalteten Halle pr\u00e4sentieren.<\/b><\/p>\n<p><img SRC=\"https:\/\/renewable-carbon.eu\/news\/wp-content\/uploads\/news-images\/20100414-04\/naturetec_logo_03.jpg\" align=\"left\" style=\"margin-right:10px;\" BORDER=\"0\" ALT=\"naturetec_logo_03.jpg\"\/>Die Fachschau wurde sowohl von den Verbrauchern als auch in der politischen Wahrnehmung mit Begeisterung aufgenommen. <\/p>\n<p>Angespornt durch diesen Erfolg ist die FNR mit der Organisation der nature.tec 2011 gestartet. Dabei soll der 2010 eingeschlagene Weg konsequent fortgesetzt, der fachliche Anspruch weiter erh\u00f6ht und das Angebot der Branche an Verbraucher und Politiker ausgebaut werden. Wichtigste inhaltliche \u00c4nderung wird die Erweiterung der bisherigen Themen Bauen \u2013 Biogas \u2013 Biokraftstoffe \u2013 Forst \u2013 Heizen um einen sechsten Schwerpunkt Biowerkstoffe\/Verpackungen sein.<\/p>\n<p>Auf den Internetseiten <a href=\"http:\/\/www.naturetec-igw.de\/\" >www.naturetec-igw.de<\/a> k\u00f6nnen Sie sich einen Eindruck von der aktuellen Planung verschaffen.<\/p>\n<p>F\u00fcr alle zuk\u00fcnftigen Aussteller wird es jetzt konkret, denn ab heute k\u00f6nnen Sie sich f\u00fcr die nature.tec 2011 offiziell anmelden. Die notwendigen Formulare finden Sie unter <a href=\"http:\/\/www.naturetec-igw.de\/\" >www.naturetec-igw.de\/<\/a>.<\/p>\n","protected":false},"excerpt":{"rendered":"<p><b>In diesem Jahr ist es erstmalig in der Geschichte der Internationalen Gr&uuml;nen Woche gelungen, nachwachsende Rohstoffe und Bioenergie in einer eigenen, einheitlich gestalteten Halle pr&auml;sentieren.<\/b><\/p>\n","protected":false},"author":3,"featured_media":0,"comment_status":"closed","ping_status":"closed","sticky":false,"template":"","format":"standard","meta":{"_seopress_robots_primary_cat":"","nova_meta_subtitle":"","footnotes":""},"categories":[5572],"tags":[],"supplier":[19232],"class_list":["post-12299","post","type-post","status-publish","format-standard","hentry","category-bio-based","supplier-fachagentur-nachwachsende-rohstoffe-e-v-fnr"],"_links":{"self":[{"href":"https:\/\/renewable-carbon.eu\/news\/wp-json\/wp\/v2\/posts\/12299","targetHints":{"allow":["GET"]}}],"collection":[{"href":"https:\/\/renewable-carbon.eu\/news\/wp-json\/wp\/v2\/posts"}],"about":[{"href":"https:\/\/renewable-carbon.eu\/news\/wp-json\/wp\/v2\/types\/post"}],"author":[{"embeddable":true,"href":"https:\/\/renewable-carbon.eu\/news\/wp-json\/wp\/v2\/users\/3"}],"replies":[{"embeddable":true,"href":"https:\/\/renewable-carbon.eu\/news\/wp-json\/wp\/v2\/comments?post=12299"}],"version-history":[{"count":0,"href":"https:\/\/renewable-carbon.eu\/news\/wp-json\/wp\/v2\/posts\/12299\/revisions"}],"wp:attachment":[{"href":"https:\/\/renewable-carbon.eu\/news\/wp-json\/wp\/v2\/media?parent=12299"}],"wp:term":[{"taxonomy":"category","embeddable":true,"href":"https:\/\/renewable-carbon.eu\/news\/wp-json\/wp\/v2\/categories?post=12299"},{"taxonomy":"post_tag","embeddable":true,"href":"https:\/\/renewable-carbon.eu\/news\/wp-json\/wp\/v2\/tags?post=12299"},{"taxonomy":"supplier","embeddable":true,"href":"https:\/\/renewable-carbon.eu\/news\/wp-json\/wp\/v2\/supplier?post=12299"}],"curies":[{"name":"wp","href":"https:\/\/api.w.org\/{rel}","templated":true}]}}