{"id":121640,"date":"2023-01-30T07:07:00","date_gmt":"2023-01-30T06:07:00","guid":{"rendered":"https:\/\/renewable-carbon.eu\/news\/?p=121640"},"modified":"2023-01-25T16:20:18","modified_gmt":"2023-01-25T15:20:18","slug":"recycling-rekord-fur-kunststoffverpackungen","status":"publish","type":"post","link":"https:\/\/renewable-carbon.eu\/news\/recycling-rekord-fur-kunststoffverpackungen\/","title":{"rendered":"Recycling-Rekord f\u00fcr Kunststoffverpackungen"},"content":{"rendered":"\n\n\n<p><strong>Wie die\u00a0<a rel=\"noreferrer noopener\" href=\"https:\/\/www.verpackungsregister.org\/\" target=\"_blank\">Zentrale Stelle Verpackungsregister<\/a> kurz vor Jahresende 2022 bekannt gab, wurde im Jahr 2021 eine werkstoffliche Recyclingquote von 65,5% erreicht \u2013 ein Plus von 5% gegen\u00fcber dem Vorjahr.<\/strong><\/p>\n\n\n\n<p>Die erreichte Quote lag damit deutlich \u00fcber der gesetzlichen Vorgabe von 58,5% f\u00fcr das betreffende Jahr und sogar \u00fcber der gestiegenen Recyclingvorgabe von 63%, die seit 2022 gilt. Seit Einf\u00fchrung des Verpackungsgesetzes im Jahr 2019 ist die Recyclingquote somit um stolze 55% gestiegen, stagnierte sie doch bis zum Jahr 2018 noch auf einem bescheidenen Niveau von ca. 42%. Die Verwertung der Kunststoffverpackungen fand dabei im Jahr 2021 fast ausschlie\u00dflich im Inland (82,3%) und EU-Raum (17,1%) statt. Nur 0,6% wurden ins Nicht-EU-Ausland exportiert, vor allem in die T\u00fcrkei, in die Schweiz und nach Serbien.<\/p>\n\n\n\n<div class=\"wp-block-image is-style-default\"><figure class=\"aligncenter size-full is-resized\"><img loading=\"lazy\" decoding=\"async\" src=\"https:\/\/renewable-carbon.eu\/news\/media\/2023\/01\/image-12.jpeg\" alt=\"\" class=\"wp-image-121642\" width=\"701\" height=\"557\" srcset=\"https:\/\/renewable-carbon.eu\/news\/media\/2023\/01\/image-12.jpeg 768w, https:\/\/renewable-carbon.eu\/news\/media\/2023\/01\/image-12-300x238.jpeg 300w, https:\/\/renewable-carbon.eu\/news\/media\/2023\/01\/image-12-150x119.jpeg 150w, https:\/\/renewable-carbon.eu\/news\/media\/2023\/01\/image-12-340x270.jpeg 340w\" sizes=\"auto, (max-width: 701px) 100vw, 701px\" \/><figcaption>\u00a9 ZSVR (https:\/\/www.verpackungsregister.org\/information-orientierung\/themen-verpackg\/zahlen-daten-fakten)<\/figcaption><\/figure><\/div>\n\n\n\n<h3 class=\"wp-block-heading\">Falsch verstandene Plastikreduktion: Faser-Kunststoff-Verbunde weiter in der Kritik<\/h3>\n\n\n\n<p>Bem\u00e4ngelt hat die Zentrale Stelle wiederholt die deutliche Zunahme von&nbsp;<a href=\"https:\/\/newsroom.kunststoffverpackungen.de\/2022\/09\/06\/recyclingfaehigkeit-wichtiger-als-plastikverzicht-neuer-mindeststandard\/\" target=\"_blank\" rel=\"noreferrer noopener\">Papier-Kunststoff-Verbundverpackungen<\/a>&nbsp;am Markt. Sie ersetzen Kunststoffverpackungen, f\u00fchren aber aufgrund ihres oftmals h\u00f6heren Gewichts zu einem Anstieg des Verpackungsverbrauchs und bereiten Probleme beim Recycling. Auch sehr d\u00fcnne Kunststoffbeschichtungen seien problematisch, da sie bei der Vermahlung in Papierfabriken Mikroplastik erzeugen k\u00f6nnen. Einseitig diskriminierende Lenkungsinstrumente wie eine Plastiksteuer k\u00f6nnten den ungewollten Marktrend zu Verbundverpackungen weiter verst\u00e4rken.<\/p>\n\n\n\n<blockquote class=\"wp-block-quote is-layout-flow wp-block-quote-is-layout-flow\"><p>\u201cFalsch verstandene Plastikreduktion f\u00fchrt nicht zum Ziel; Recyclingf\u00e4higkeit und Materialeinsparung m\u00fcssen beim Verpackungsdesign unbedingt Vorrang haben\u201c, mahnt deshalb<strong> Isabell Schmidt<\/strong>, Gesch\u00e4ftsf\u00fchrerin Kreislaufwirtschaft bei der IK Industrievereinigung Kunststoffverpackungen.<\/p><\/blockquote>\n\n\n\n<h3 class=\"wp-block-heading\">Design-for-Recycling schafft Voraussetzung \u2013 Finanzielle Anreize jetzt st\u00e4rken<\/h3>\n\n\n\n<p>Zum Recyclingerfolg der Dualen Systeme bei Kunststoffverpackungen hat auch die Innovationskraft der Branche wesentlich beigetragen. Angeleitet vom 2019 erstmalig herausgegebenen \u201eMindeststandard zur Bemessung der Recyclingf\u00e4higkeit\u201c haben viele Hersteller von Kunststoffverpackungen die Recyclingf\u00e4higkeit ihrer Verpackungen verbessert. 74% der Verpackungen aus Kunststoff, die haushaltsnah gesammelt werden, sind nach einer&nbsp;<a href=\"https:\/\/newsroom.kunststoffverpackungen.de\/wp-content\/uploads\/2022\/06\/GVM-Studie-recyclingfaehige-Kunststoffverpackungen.pdf\" target=\"_blank\" rel=\"noreferrer noopener\">Studie der GVM im Auftrag der IK<\/a>&nbsp;gut recyclingf\u00e4hig. Zum Vergleich: Im Jahr 2016 lag dieser Wert noch bei 66%.<\/p>\n\n\n\n<div class=\"wp-block-image is-style-default\"><figure class=\"alignleft size-large\"><img loading=\"lazy\" decoding=\"async\" width=\"300\" height=\"235\" src=\"https:\/\/renewable-carbon.eu\/news\/media\/2023\/01\/image-13.jpeg\" alt=\"\" class=\"wp-image-121643\" srcset=\"https:\/\/renewable-carbon.eu\/news\/media\/2023\/01\/image-13.jpeg 300w, https:\/\/renewable-carbon.eu\/news\/media\/2023\/01\/image-13-150x118.jpeg 150w\" sizes=\"auto, (max-width: 300px) 100vw, 300px\" \/><figcaption><em>Dr. Isabell Schmidt, IK-Gesch\u00e4ftsf\u00fchrerin<\/em><\/figcaption><\/figure><\/div>\n\n\n\n<blockquote class=\"wp-block-quote is-layout-flow wp-block-quote-is-layout-flow\"><p>\u201eBereits seit 2018 verfolgt unser Verband das Ziel der Steigerung der Recyclingf\u00e4higkeit von Kunststoffverpackungen \u2013 mit messbarem Erfolg. Diese positive Entwicklung gilt es jetzt noch weiter zu verst\u00e4rken und gegen\u00fcber Fehlentwicklungen zu verteidigen. Deshalb setzt sich die IK gemeinsam mit den Verb\u00e4nden der\u00a0<a rel=\"noreferrer noopener\" href=\"http:\/\/www.markenverband.de\/\" target=\"_blank\">Markenhersteller<\/a>, der\u00a0<a rel=\"noreferrer noopener\" href=\"https:\/\/www.bve-online.de\/\" target=\"_blank\">Ern\u00e4hrungsindustrie<\/a>\u00a0und des\u00a0<a rel=\"noreferrer noopener\" href=\"https:\/\/einzelhandel.de\/\" target=\"_blank\">Handels<\/a>\u00a0sowie dem Bundesverband der\u00a0<a rel=\"noreferrer noopener\" href=\"https:\/\/www.bde.de\/\" target=\"_blank\">Entsorger<\/a>\u00a0f\u00fcr die z\u00fcgige Reform des Verpackungsgesetzes ein. Wir brauchen jetzt wirksame finanzielle Anreize f\u00fcr ein konsequentes\u00a0<a rel=\"noreferrer noopener\" href=\"https:\/\/ecodesign-packaging.org\/leitfaden\/eco-design-strategien\/design-fuer-recycling\/\" target=\"_blank\">Design-for-Recycling<\/a>\u00a0aller haushaltsnahen Verpackungen am Markt, egal aus welchem Material. Die bereits angesto\u00dfene Reform von \u00a721 Verpackungsgesetz muss so schnell wie m\u00f6glich umgesetzt werden!\u201c, so <strong>Isabell Schmidt<\/strong>.<\/p><\/blockquote>\n\n\n\n<p><\/p>\n","protected":false},"excerpt":{"rendered":"<p>Wie die\u00a0Zentrale Stelle Verpackungsregister kurz vor Jahresende 2022 bekannt gab, wurde im Jahr 2021 eine werkstoffliche Recyclingquote von 65,5% erreicht \u2013 ein Plus von 5% gegen\u00fcber dem Vorjahr. Die erreichte Quote lag damit deutlich \u00fcber der gesetzlichen Vorgabe von 58,5% f\u00fcr das betreffende Jahr und sogar \u00fcber der gestiegenen Recyclingvorgabe von 63%, die seit 2022 [&#8230;]<\/p>\n","protected":false},"author":3,"featured_media":0,"comment_status":"closed","ping_status":"closed","sticky":false,"template":"","format":"standard","meta":{"_seopress_robots_primary_cat":"none","nova_meta_subtitle":"Das werkstoffliche Recycling von Kunststoffverpackungen im Dualen System hat ein neues Rekordniveau erreicht","footnotes":""},"categories":[17143],"tags":[11841,13453,13159,13618,10453,12344],"supplier":[13272,17423],"class_list":["post-121640","post","type-post","status-publish","format-standard","hentry","category-recycling","tag-kreislaufwirtschaft","tag-kunststoffe","tag-mikroplastik","tag-papier","tag-recycling","tag-verpackungen","supplier-ik-industrievereinigung-kunststoffverpackungen-e-v","supplier-zentrale-stelle-verpackungsregister-zsvr"],"_links":{"self":[{"href":"https:\/\/renewable-carbon.eu\/news\/wp-json\/wp\/v2\/posts\/121640","targetHints":{"allow":["GET"]}}],"collection":[{"href":"https:\/\/renewable-carbon.eu\/news\/wp-json\/wp\/v2\/posts"}],"about":[{"href":"https:\/\/renewable-carbon.eu\/news\/wp-json\/wp\/v2\/types\/post"}],"author":[{"embeddable":true,"href":"https:\/\/renewable-carbon.eu\/news\/wp-json\/wp\/v2\/users\/3"}],"replies":[{"embeddable":true,"href":"https:\/\/renewable-carbon.eu\/news\/wp-json\/wp\/v2\/comments?post=121640"}],"version-history":[{"count":0,"href":"https:\/\/renewable-carbon.eu\/news\/wp-json\/wp\/v2\/posts\/121640\/revisions"}],"wp:attachment":[{"href":"https:\/\/renewable-carbon.eu\/news\/wp-json\/wp\/v2\/media?parent=121640"}],"wp:term":[{"taxonomy":"category","embeddable":true,"href":"https:\/\/renewable-carbon.eu\/news\/wp-json\/wp\/v2\/categories?post=121640"},{"taxonomy":"post_tag","embeddable":true,"href":"https:\/\/renewable-carbon.eu\/news\/wp-json\/wp\/v2\/tags?post=121640"},{"taxonomy":"supplier","embeddable":true,"href":"https:\/\/renewable-carbon.eu\/news\/wp-json\/wp\/v2\/supplier?post=121640"}],"curies":[{"name":"wp","href":"https:\/\/api.w.org\/{rel}","templated":true}]}}