{"id":12164,"date":"2010-03-01T00:00:00","date_gmt":"2010-02-28T22:00:00","guid":{"rendered":"http:\/\/www.bio-based.eu\/news\/index.php?startid=20100301-02n"},"modified":"2010-03-01T00:00:00","modified_gmt":"2010-02-28T22:00:00","slug":"bmu-gefoerdertes-projekt-vergleicht-vor-und-nachteile-der-energetischen-und-stofflichen-holznutzung","status":"publish","type":"post","link":"https:\/\/renewable-carbon.eu\/news\/bmu-gefoerdertes-projekt-vergleicht-vor-und-nachteile-der-energetischen-und-stofflichen-holznutzung\/","title":{"rendered":"BMU-gef\u00f6rdertes Projekt vergleicht Vor- und Nachteile der energetischen und stofflichen Holznutzung"},"content":{"rendered":"<p><b>Im Saarland startet ein Projekt, welches sich mit den Vor- und Nachteilen der energetischen Nutzung von Holz im Vergleich zur stofflichen Nutzung von Holz besch\u00e4ftigt. Regionale Konzepte zum Ausbau der Bioenergieerzeugung aus Holz. Das Projekt im Rahmen des F\u00f6rderprogramms zur Optimierung der energetischen Nutzung von Biomasse des Bundesumweltministeriums wurde von der IZES gGmbH zusammen mit den Partnern &#8220;Wald-Zentrum M\u00fcnster&#8221; sowie &#8220;Institut f\u00fcr Energie- und Umweltforschung IFEU Heidelberg GmbH&#8221; erfolgreich beantragt.<\/b><\/p>\n<p>Am Beispiel der Modellregion Saarland soll untersucht werden, welche Potenziale zur Nutzung von H\u00f6lzern minderer Qualit\u00e4t im Saarland vorhanden sind, welche wirtschaftliche Bedeutung das Cluster Forst und Holz hat und wie sich die Nutzung von Bioenergie im Einklang mit der stofflichen Nutzung weiter entwickeln kann.<\/p>\n<p>Zur Begleitung des Vorhabens wurde am 19.01.2010 ein &#8220;Regionales Beiratstreffen&#8221; veranstaltet. Neben dem Staatssekret\u00e4r Herrn Klaus Borger waren Vertreter der Holzwerkstoffindustrie, der Abfallwirtschaft, des Saarforstes, des privaten Waldbesitzes sowie des Naturschutzes eingeladen.<\/p>\n<p>In einem Gru\u00dfwort stellt Herr Staatssekret\u00e4r Klaus Borger die Forststrategie der neuen Landesregierung vor. Ziel ist es die Bereiche Erholung, Naturschutz, Jagd und Nutzung im Einklang zu sehen, ohne einen Bereich zu bevorzugen. Dabei soll in den n\u00e4chsten Jahren im Staatswald der Holzvorrat auf 350 Vorratsfestmeter gesteigert werden. Der Staatssekret\u00e4r begr\u00fc\u00dft das Projekt, da hier das Miteinander zwischen Holzenergie und stofflicher Nutzung zusammen gedacht und vertieft wird.<\/p>\n<p>Herr Prof. Baur von der IZES gGmbH stellte das Vorhaben vor und betonte die Wichtigkeit des Zusammenwirkens aller Akteure innerhalb des Vorhabens. Die vorhandenen und knappen Holzressourcen m\u00fcssen m\u00f6glichst effizient im Sinne der regionalen Wertsch\u00f6pfung eingesetzt werden. Hierzu soll eine Holzplattform entstehen, welche alle holzartigen Stoffstr\u00f6me betrachtet. Neben dem Waldholz werden auch anfallende H\u00f6lzer aus der Landschaftspflege, der Stra\u00dfenpflege sowie holzartige Ressourcen aus dem Abfallbereich integriert. Im Saarland entwickelte Erkenntnisse und Methoden werden in der Vergleichsregion Wismar auf \u00dcbertragbarkeit \u00fcberpr\u00fcft. Ziel sind Instrumente, welche in einer Region in Deutschland die nachhaltige Verwendung von Holz steuern.<\/p>\n<p>Die Notwendigkeit einer Betrachtung der Umweltwirkungen des Stoffstroms Holz stellte Herr G\u00e4rtner vom IFEU Institut aus Heidelberg vor. Er wird im Laufe des Projektes die unterschiedlichen Holznutzungen auf ihre Klimaschutzeffekte und andere \u00f6kologischen Parameter hin betrachten. Es werden Ergebnisse zur \u00f6kologischen Bewertung der stofflichen und energetischen Nutzung erarbeitet.<\/p>\n<p>In einem Impulsreferat \u00fcber das Cluster Wald und Holz stellte Herr Prof. Dr. Schulte vom Waldzentrum M\u00fcnster erste Ergebnisse aus dem Saarland vor. Im Saarland sind ca. 4.000 Arbeitnehmer im Cluster Forst und Holz besch\u00e4ftigt. Schwerpunkte sind die M\u00f6belindustrie und die Holzwerkstoffindustrie. Dagegen hat die S\u00e4geindustrie immer mehr an Bedeutung verloren: Sie verlor von 1999 bis 2008 rund 60% der Arbeitspl\u00e4tze! Herr Prof. Dr. Schulte f\u00fchrte weiterhin aus, dass trotz der steigenden Wichtigkeit des Clusters ein Verlust an Waldfl\u00e4che weltweit erwartet wird. Die Wichtigkeit belegte er eindrucksvoll mit dem Hinweis, dass in Nordrhein-Westfalen mehr Menschen im Cluster Forst und Holz arbeiten als in der Automobil- oder der Chemieindustrie.<\/p>\n<p>In der anschlie\u00dfenden Diskussion wurden die Handlungsfelder des noch zwei Jahre laufenden Projektes f\u00fcr den regionalen Beirat abgesteckt. Holz ist eine knappe Ressource! Dies wurde den Teilnehmern des regionalen Beirattreffens des Bundesprojektes &#8220;Holzkaskade&#8221; bewusst.<\/p>\n","protected":false},"excerpt":{"rendered":"<p><b>Im Saarland startet ein Projekt, welches sich mit den Vor- und Nachteilen der energetischen Nutzung von Holz im Vergleich zur stofflichen Nutzung von Holz besch&auml;ftigt.<\/b><\/p>\n","protected":false},"author":3,"featured_media":0,"comment_status":"closed","ping_status":"closed","sticky":false,"template":"","format":"standard","meta":{"_seopress_robots_primary_cat":"","nova_meta_subtitle":"","footnotes":""},"categories":[5572],"tags":[],"supplier":[279,450,1850,1851],"class_list":["post-12164","post","type-post","status-publish","format-standard","hentry","category-bio-based","supplier-bundesministerium-fuer-umwelt-naturschutz-und-reaktorsicherheit","supplier-ifeu-institut-fuer-energie-und-umweltforschung-heidelberg-gmbh","supplier-izes-ggmbh","supplier-wald-zentrum-muenster"],"_links":{"self":[{"href":"https:\/\/renewable-carbon.eu\/news\/wp-json\/wp\/v2\/posts\/12164","targetHints":{"allow":["GET"]}}],"collection":[{"href":"https:\/\/renewable-carbon.eu\/news\/wp-json\/wp\/v2\/posts"}],"about":[{"href":"https:\/\/renewable-carbon.eu\/news\/wp-json\/wp\/v2\/types\/post"}],"author":[{"embeddable":true,"href":"https:\/\/renewable-carbon.eu\/news\/wp-json\/wp\/v2\/users\/3"}],"replies":[{"embeddable":true,"href":"https:\/\/renewable-carbon.eu\/news\/wp-json\/wp\/v2\/comments?post=12164"}],"version-history":[{"count":0,"href":"https:\/\/renewable-carbon.eu\/news\/wp-json\/wp\/v2\/posts\/12164\/revisions"}],"wp:attachment":[{"href":"https:\/\/renewable-carbon.eu\/news\/wp-json\/wp\/v2\/media?parent=12164"}],"wp:term":[{"taxonomy":"category","embeddable":true,"href":"https:\/\/renewable-carbon.eu\/news\/wp-json\/wp\/v2\/categories?post=12164"},{"taxonomy":"post_tag","embeddable":true,"href":"https:\/\/renewable-carbon.eu\/news\/wp-json\/wp\/v2\/tags?post=12164"},{"taxonomy":"supplier","embeddable":true,"href":"https:\/\/renewable-carbon.eu\/news\/wp-json\/wp\/v2\/supplier?post=12164"}],"curies":[{"name":"wp","href":"https:\/\/api.w.org\/{rel}","templated":true}]}}