{"id":12071,"date":"2009-12-17T00:00:00","date_gmt":"2009-12-16T22:00:00","guid":{"rendered":"http:\/\/www.bio-based.eu\/news\/index.php?startid=20091217-01n"},"modified":"2009-12-17T00:00:00","modified_gmt":"2009-12-16T22:00:00","slug":"daten-zu-gen-raps-feldern-veroeffentlicht","status":"publish","type":"post","link":"https:\/\/renewable-carbon.eu\/news\/daten-zu-gen-raps-feldern-veroeffentlicht\/","title":{"rendered":"Daten zu Gen-Raps-Feldern ver\u00f6ffentlicht"},"content":{"rendered":"<p><b>Nach langem Rechtsstreit hat das Landwirtschaftsministerium nun endlich dem BUND die Daten zu Gen-Raps-Feldern zur Verf\u00fcgung gestellt. Diese ver\u00f6ffentlicht der Umweltverband jetzt auf seiner Homepage.<\/b><\/p>\n<p>Die Felder, die im Jahr 2007 versehentlich mit gentechnisch ver\u00e4nderten Organismen der Raps-Sorte Taurus mit der Partiebezeichnung D\/BN 3237\/318 bestellt wurden, sind damit insbesondere benachbarten Landwirten, Imkern, G\u00e4rtnern und Natursch\u00fctzern zug\u00e4nglich. Es handelt sich um rund 300 Hektar in den Orten bzw. Gemarkungen Langwedel, R\u00f6st, Niendorf, Nordhastedt, Osterwohld, Lunlieth, Loop, Gnutz, Moorrege, Worth, Gemarkung Perd\u00f6l, Sch\u00f6nberg, Schwartbuck, Kiel-Meimersdorf, K\u00fckel\u00fchn, Lepahn, Marienwarder, Lehmkuhlen, Lehmkuhlen\/ Trent, Gro\u00dfnordsee, Klein K\u00f6nigsf\u00f6rde, Gro\u00df Nordsee, Ottendorf, Hoisdorf und Altenhof.<\/p>\n<p>Das Landwirtschaftsministerium hatte die Herausgabe der Daten nach dem Umweltinformationsgesetz verweigert. Daraufhin klagten BUND und Bioland. Das Verwaltungsgericht Schleswig verurteilte das zust\u00e4ndige Ministerium am 3. September 2009 zur Herausgabe der Daten. Das Ministerium verlangte daraufhin die Zulassung der Berufung. Diese wurde mit dem Urteil des Oberverwaltungsgerichts Schleswig vom 27. November durch das Oberwaltungsgericht abgelehnt.<\/p>\n<p><b>Weitere Informationen<\/b><br \/><a href=\"https:\/\/renewable-carbon.eu\/news\/wp-content\/uploads\/news-images\/20091217-01\/Standorte_Gen-Raps_SH.pdf\" >Standorte der Gen-Raps-Felder<\/a> (PDF-Datei)<\/p>\n","protected":false},"excerpt":{"rendered":"<p><b>Nach langem Rechtsstreit hat das Landwirtschaftsministerium nun endlich dem BUND die Daten zu Gen-Raps-Feldern zur Verf&uuml;gung gestellt. Diese ver&ouml;ffentlicht der Umweltverband jetzt auf seiner Homepage.<\/b><\/p>\n","protected":false},"author":3,"featured_media":0,"comment_status":"closed","ping_status":"closed","sticky":false,"template":"","format":"standard","meta":{"_seopress_robots_primary_cat":"","nova_meta_subtitle":"","footnotes":""},"categories":[5572],"tags":[],"supplier":[1644,1640,6286],"class_list":["post-12071","post","type-post","status-publish","format-standard","hentry","category-bio-based","supplier-bioland","supplier-bund-fuer-umwelt-und-naturschutz-deutschland-ev-bund","supplier-bundesministerium-ernahrung-landwirtschaft"],"_links":{"self":[{"href":"https:\/\/renewable-carbon.eu\/news\/wp-json\/wp\/v2\/posts\/12071","targetHints":{"allow":["GET"]}}],"collection":[{"href":"https:\/\/renewable-carbon.eu\/news\/wp-json\/wp\/v2\/posts"}],"about":[{"href":"https:\/\/renewable-carbon.eu\/news\/wp-json\/wp\/v2\/types\/post"}],"author":[{"embeddable":true,"href":"https:\/\/renewable-carbon.eu\/news\/wp-json\/wp\/v2\/users\/3"}],"replies":[{"embeddable":true,"href":"https:\/\/renewable-carbon.eu\/news\/wp-json\/wp\/v2\/comments?post=12071"}],"version-history":[{"count":0,"href":"https:\/\/renewable-carbon.eu\/news\/wp-json\/wp\/v2\/posts\/12071\/revisions"}],"wp:attachment":[{"href":"https:\/\/renewable-carbon.eu\/news\/wp-json\/wp\/v2\/media?parent=12071"}],"wp:term":[{"taxonomy":"category","embeddable":true,"href":"https:\/\/renewable-carbon.eu\/news\/wp-json\/wp\/v2\/categories?post=12071"},{"taxonomy":"post_tag","embeddable":true,"href":"https:\/\/renewable-carbon.eu\/news\/wp-json\/wp\/v2\/tags?post=12071"},{"taxonomy":"supplier","embeddable":true,"href":"https:\/\/renewable-carbon.eu\/news\/wp-json\/wp\/v2\/supplier?post=12071"}],"curies":[{"name":"wp","href":"https:\/\/api.w.org\/{rel}","templated":true}]}}