{"id":12067,"date":"2009-12-18T00:00:00","date_gmt":"2009-12-17T22:00:00","guid":{"rendered":"http:\/\/www.bio-based.eu\/news\/index.php?startid=20091218-04n"},"modified":"2009-12-18T00:00:00","modified_gmt":"2009-12-17T22:00:00","slug":"waldschutz-ist-klimaschutz-deutschlands-umgang-mit-seinen-wldern-kein-vorbild-fr-kopenhagener-verhandlungen","status":"publish","type":"post","link":"https:\/\/renewable-carbon.eu\/news\/waldschutz-ist-klimaschutz-deutschlands-umgang-mit-seinen-wldern-kein-vorbild-fr-kopenhagener-verhandlungen\/","title":{"rendered":"&#8220;Waldschutz ist Klimaschutz. Deutschlands Umgang mit seinen W&auml;ldern kein Vorbild f&uuml;r Kopenhagener Verhandlungen.&#8221;"},"content":{"rendered":"<p><b>Im deutschen Wald wird immer weniger klimasch\u00e4dliches CO<sub>2<\/sub> gespeichert. Hauptursache daf\u00fcr ist nach Angaben des Bund f\u00fcr Umwelt und Naturschutz Deutschland (BUND) der drastisch gestiegene Holzeinschlag.<\/b> <\/p>\n<p>In den letzten 20 Jahren sank die j\u00e4hrliche Kohlenstoffbindung von 17 Millionen Tonnen Kohlenstoff auf 4,7 Millionen Tonnen. Das geht aus der offiziellen Inventurstudie der Bundesregierung zur Ermittlung der CO<sub>2<\/sub>-Speicherung im deutschen Wald im Rahmen des Kyoto-Protokolls hervor. In Westdeutschland nimmt der Wald bereits \u00fcberhaupt kein weiteres klimasch\u00e4dliches CO<sub>2<\/sub> mehr auf. Insgesamt sind in der Biomasse von Deutschlands Waldb\u00e4umen derzeit 1,23 Milliarden Tonnen Kohlenstoff gespeichert. Das entspricht in etwa dem 5 \u00bd-fachen j\u00e4hrlichen CO<sub>2<\/sub>-Aussto\u00df Deutschlands. Bei den Klimaschutz-verhandlungen in Kopenhagen ist der Waldschutz ein zentrales Thema. Der BUND forderte von der Bundesregierung ehrgeizige nationale Ziele. Nur dann seien die berechtigten deutschen Forderungen zum internationalen Waldschutz auch glaubw\u00fcrdig.<\/p>\n<p>Hubert Weiger, BUND-Vorsitzender: &#8220;In deutschen Industrieanlagen, Haushalten, der Landwirtschaft und im Verkehr entstehen bei der Verbrennung fossiler Rohstoffe j\u00e4hrlich rund 830 Millionen Tonnen CO<sub>2<\/sub>. Davon werden nur zwei Prozent von wachsenden Waldb\u00e4umen gespeichert. Wesentlich mehr w\u00e4re m\u00f6glich. Derzeit werden 93 Prozent des nachwachsenden Holzes genutzt. Das schadet nicht nur dem Klima, sondern bedroht auch die biologische Vielfalt. Damit mehr CO<sub>2<\/sub> im Wald gebunden werden kann, m\u00fcssen mehr B\u00e4ume und Holz im Wald verbleiben.&#8221; Entsprechend m\u00fcsse der Holz- und Papierverbrauch gesenkt werden. Die Grenzen der energetischen Holznutzung in Form von Scheitholz, Hackschnitzeln oder Pellets m\u00fcssten erkannt und allein nach \u00f6kologischen Gesichtspunkten festgesetzt werden.<\/p>\n<p>Der BUND forderte mindestens 10 Prozent des \u00f6ffentlichen Waldes vollst\u00e4ndig aus der Nutzung zu nehmen. Es m\u00fcssten zudem finanzielle Anreize geschaffen werden, damit auch private Waldbesitzer mehr Holz in ihren W\u00e4ldern lassen. Ulrich Mergner, BUND-Waldexperte: &#8220;Auch Privatwaldbesitzer k\u00f6nnten einen h\u00f6heren Beitrag f\u00fcr Klima- und Artenschutz leisten. Sie m\u00fcssen dabei unterst\u00fctzt werden, damit es gelingt, auch 10 Prozent des Privatwaldes als &#8216;Urw\u00e4lder von morgen&#8217; dauerhaft still zu legen.&#8221; Die Waldgesetze m\u00fcssten nachgebessert werden, unter anderem zu den besonders klimarelevanten Punkten wie Kahlschlagsverbot, Bodenschonung und Anhebung der Totholzvorr\u00e4te.<\/p>\n<p>Weltweit entst\u00fcnden 20 Prozent der globalen CO<sub>2<\/sub>-Emissionen durch die Zerst\u00f6rung von \u00fcber 13 Mio. Hektar Wald pro Jahr, insbesondere in den tropischen Regionen. Ma\u00dfnahmen und Programme zur Vermeidung von Entwaldung und Waldegradation (engl. REDD), \u00fcber die in Kopenhagen verhandelt werde, seien daher besonders wichtig. Allerdings m\u00fcsse der REDD-Mechanismus so gestaltet sein, dass tats\u00e4chlich die besonders klimarelevanten Urw\u00e4lder gesch\u00fctzt w\u00fcrden und nicht Baum-Plantagen. Auch d\u00fcrfe nicht erm\u00f6glicht werden, dass sich Industriel\u00e4nder durch Waldprojekte in Entwicklungsl\u00e4ndern von ihren eigenen Reduktionsverpflichtungen freikauften. Effektiver Klimaschutz m\u00fcsse im eigenen Land stattfinden.<\/p>\n<p><b>Weitere Informationen<\/b><br \/><a href=\"https:\/\/renewable-carbon.eu\/news\/wp-content\/uploads\/news-images\/20091218-04\/20091209_naturschutz_wald_klima_biologische_vielfalt_hintergrund.pdf\" >BUND-Hintergrundtext zum Waldschutz<\/a> (PDF-Datei)<\/p>\n","protected":false},"excerpt":{"rendered":"<p><b>Im deutschen Wald wird immer weniger klimasch&auml;dliches CO<sub>2<\/sub> gespeichert. Hauptursache daf&uuml;r ist nach Angaben des Bund f&uuml;r Umwelt und Naturschutz Deutschland (BUND) der drastisch gestiegene<\/b><\/p>\n","protected":false},"author":3,"featured_media":0,"comment_status":"closed","ping_status":"closed","sticky":false,"template":"","format":"standard","meta":{"_seopress_robots_primary_cat":"","nova_meta_subtitle":"","footnotes":""},"categories":[5572],"tags":[],"supplier":[1640],"class_list":["post-12067","post","type-post","status-publish","format-standard","hentry","category-bio-based","supplier-bund-fuer-umwelt-und-naturschutz-deutschland-ev-bund"],"_links":{"self":[{"href":"https:\/\/renewable-carbon.eu\/news\/wp-json\/wp\/v2\/posts\/12067","targetHints":{"allow":["GET"]}}],"collection":[{"href":"https:\/\/renewable-carbon.eu\/news\/wp-json\/wp\/v2\/posts"}],"about":[{"href":"https:\/\/renewable-carbon.eu\/news\/wp-json\/wp\/v2\/types\/post"}],"author":[{"embeddable":true,"href":"https:\/\/renewable-carbon.eu\/news\/wp-json\/wp\/v2\/users\/3"}],"replies":[{"embeddable":true,"href":"https:\/\/renewable-carbon.eu\/news\/wp-json\/wp\/v2\/comments?post=12067"}],"version-history":[{"count":0,"href":"https:\/\/renewable-carbon.eu\/news\/wp-json\/wp\/v2\/posts\/12067\/revisions"}],"wp:attachment":[{"href":"https:\/\/renewable-carbon.eu\/news\/wp-json\/wp\/v2\/media?parent=12067"}],"wp:term":[{"taxonomy":"category","embeddable":true,"href":"https:\/\/renewable-carbon.eu\/news\/wp-json\/wp\/v2\/categories?post=12067"},{"taxonomy":"post_tag","embeddable":true,"href":"https:\/\/renewable-carbon.eu\/news\/wp-json\/wp\/v2\/tags?post=12067"},{"taxonomy":"supplier","embeddable":true,"href":"https:\/\/renewable-carbon.eu\/news\/wp-json\/wp\/v2\/supplier?post=12067"}],"curies":[{"name":"wp","href":"https:\/\/api.w.org\/{rel}","templated":true}]}}