{"id":11971,"date":"2009-11-13T00:00:00","date_gmt":"2009-11-12T22:00:00","guid":{"rendered":"http:\/\/www.bio-based.eu\/news\/index.php?startid=20091113-04n"},"modified":"2009-11-13T00:00:00","modified_gmt":"2009-11-12T22:00:00","slug":"european-bioplastics-2009-teilnehmerrekord","status":"publish","type":"post","link":"https:\/\/renewable-carbon.eu\/news\/european-bioplastics-2009-teilnehmerrekord\/","title":{"rendered":"European Bioplastics 2009: Teilnehmerrekord"},"content":{"rendered":"<p><b>Am 10. und 11. November 2009 hat in Berlin zum vierten Mal die European Bioplastics Konferenz stattgefunden. Trotz Finanzkrise hat der Veranstalter einen neuen Teilnehmerrekord verzeichnet. In diesem Jahr kamen 380 Besucher und 27 Aussteller zur Konferenz des Verbandes European Bioplastics. Experten erwarten weiterhin ein kontinuierliches Wachstum im Bereich kompostierbarer und bio-basierter Materialien.<\/b><\/p>\n<p>&#8220;Wo steht die Industrie in f\u00fcnf Jahren?&#8221;, &#8220;Was sind die Trends?&#8221;, &#8220;Welche Materialien werden den Markt dominieren?&#8221;, &#8220;Wie k\u00f6nnen Umweltvorteile kommuniziert werden und wie verwertet man Biokunststoffe optimal?&#8221; Diesen und anderen Fragen haben sich die 28 Sprecher und 380 Teilnehmer w\u00e4hrend der zweit\u00e4gigen Biokunststoffkonferenz in Berlin gewidmet. Insgesamt besuchten die Veranstaltung 237 Unternehmen aus 27 L\u00e4ndern. Etwa 78 Prozent kamen aus Europa, gefolgt von 16 Prozent aus Asien und \u00fcber f\u00fcnf Prozent aus Nord- und S\u00fcdamerika.<br \/><center><img SRC=\"https:\/\/renewable-carbon.eu\/news\/wp-content\/uploads\/news-images\/20091113-04\/091112_PM_KonfGrafik1.jpg\" align=\"center\" BORDER=\"0\" ALT=\"\"\/><\/center><br style=\"clear:left;\"\/><br \/>Die European Bioplastics Konferenz findet in diesem Jahr bereits zum vierten Mal statt und hat sich als festes Branchenevent etabliert. &#8220;Diese Teilnehmerzahl bricht alle Rekorde! Die Wirtschaftkrise scheint den Markt sondiert zu haben, was uns anscheinend zu Gute kommt. \u00dcber diesen regelrechten Besucheransturm sind wir positiv \u00fcberrascht\u201d, freut sich Andy Sweetman, Vorstandschef von European Bioplastics.<\/p>\n<p><b>Weitere Informationen<\/b><br \/><a href=\"http:\/\/www.conference.european-bioplastics.org\/\" >www.conference.european-bioplastics.org<\/a><\/p>\n","protected":false},"excerpt":{"rendered":"<p><b>Am 10. und 11. November 2009 hat in Berlin zum vierten Mal die European Bioplastics Konferenz stattgefunden. Trotz Finanzkrise hat der Veranstalter einen neuen Teilnehmerrekord<\/b><\/p>\n","protected":false},"author":3,"featured_media":0,"comment_status":"closed","ping_status":"closed","sticky":false,"template":"","format":"standard","meta":{"_seopress_robots_primary_cat":"","nova_meta_subtitle":"","footnotes":""},"categories":[5572],"tags":[],"supplier":[435],"class_list":["post-11971","post","type-post","status-publish","format-standard","hentry","category-bio-based","supplier-european-bioplastics-ev"],"_links":{"self":[{"href":"https:\/\/renewable-carbon.eu\/news\/wp-json\/wp\/v2\/posts\/11971","targetHints":{"allow":["GET"]}}],"collection":[{"href":"https:\/\/renewable-carbon.eu\/news\/wp-json\/wp\/v2\/posts"}],"about":[{"href":"https:\/\/renewable-carbon.eu\/news\/wp-json\/wp\/v2\/types\/post"}],"author":[{"embeddable":true,"href":"https:\/\/renewable-carbon.eu\/news\/wp-json\/wp\/v2\/users\/3"}],"replies":[{"embeddable":true,"href":"https:\/\/renewable-carbon.eu\/news\/wp-json\/wp\/v2\/comments?post=11971"}],"version-history":[{"count":0,"href":"https:\/\/renewable-carbon.eu\/news\/wp-json\/wp\/v2\/posts\/11971\/revisions"}],"wp:attachment":[{"href":"https:\/\/renewable-carbon.eu\/news\/wp-json\/wp\/v2\/media?parent=11971"}],"wp:term":[{"taxonomy":"category","embeddable":true,"href":"https:\/\/renewable-carbon.eu\/news\/wp-json\/wp\/v2\/categories?post=11971"},{"taxonomy":"post_tag","embeddable":true,"href":"https:\/\/renewable-carbon.eu\/news\/wp-json\/wp\/v2\/tags?post=11971"},{"taxonomy":"supplier","embeddable":true,"href":"https:\/\/renewable-carbon.eu\/news\/wp-json\/wp\/v2\/supplier?post=11971"}],"curies":[{"name":"wp","href":"https:\/\/api.w.org\/{rel}","templated":true}]}}