{"id":11941,"date":"2009-10-23T00:00:00","date_gmt":"2009-10-22T22:00:00","guid":{"rendered":"http:\/\/www.bio-based.eu\/news\/index.php?startid=20091023-02n"},"modified":"2009-10-23T00:00:00","modified_gmt":"2009-10-22T22:00:00","slug":"koalition-plant-aenderungen-im-eeg","status":"publish","type":"post","link":"https:\/\/renewable-carbon.eu\/news\/koalition-plant-aenderungen-im-eeg\/","title":{"rendered":"Koalition plant \u00c4nderungen im EEG"},"content":{"rendered":"<p><b>Das EEG (Erneuerbare Energien Gesetz) soll nach dem Willen von &#8220;Schwarz \u2013 Gelb&#8221; ge\u00e4ndert werden. Vorgesehen ist, das EEG bereits 2010 einer \u00dcberpr\u00fcfung zu unterziehen. Diese stand eigentlich erst nach dem im EEG verankerten \u00dcberpr\u00fcfungsturnus 2011 an. Nachdem wir nun seit 15 Monaten Ruhe hatten, gehen die Diskussionen ums EEG also wieder los.<\/b><\/p>\n<p>Organische Reststoffe sollen im EEG gegen\u00fcber nachwachsenden Rohstoffen ein st\u00e4rkeres Gewicht erlangen. Hinter den Kulissen wird gemunkelt, auch den Nawaro \u2013 Bonus &#8220;anfassen&#8221; zu wollen, der bei derzeitigem Preisniveau f\u00fcr Marktfr\u00fcchte als zu hoch angesehen wird. In diesem Zusammenhang wird auch eine &#8220;Gleitklauselregelung&#8221; diskutiert.<\/p>\n<p>Erfreulich ist, dass die Regelung \u00fcber die Zusammenfassung von mehreren Anlagen nicht mehr r\u00fcckwirkend gelten soll. Damit sind Biogasanlagen, die vor dem 1.1.2009 nebeneinander errichtet wurden, nicht mehr als eine Anlage anzusehen. Etliche Biogasanlagen d\u00fcrften so vor der Insolvenz gerettet werden.<\/p>\n<p>Es wird auch beabsichtigt, die Degressionss\u00e4tze an technische Entwicklungen anzukn\u00fcpfen. Dar\u00fcber hinaus ist eine spezielle Verg\u00fctung (&#8220;Stetigkeitsbonus&#8221;) f\u00fcr so genannte &#8220;virtuelle Kraftwerke&#8221;, die gleichm\u00e4\u00dfig, unabh\u00e4ngig etwa von der Globaleinstrahlung oder vom Wind, Strom erzeugen k\u00f6nnen, vorgesehen.<\/p>\n<p>Im Biokraftstoffbereich soll der Energiesteuersatz f\u00fcr Biodiesel im Jahr 2010 auf zehn Cent\/Liter abgesenkt werden. Dies wird den Absatz von Biodiesel als Reinkraftstoff befl\u00fcgeln. Die k\u00fcnftige Besteuerung von Pflanzen\u00f6l (derzeit 18 Cent \/ Liter) ist noch offen.<\/p>\n<p>Erfreulich ist weiterhin, dass die bisherige &#8220;Diskriminierung&#8221; von Biogas im Erneuerbare Energien W\u00e4rmegesetz (EEW\u00e4rmeG) aufgehoben wird. Bauherren von Neubauten k\u00f6nnen also k\u00fcnftig ihre Verpflichtung, erneuerbare Energien einzusetzen, auch durch den Einsatz von Biogas erf\u00fcllen. Dies er\u00f6ffnet zus\u00e4tzliche Marktperspektiven f\u00fcr Biogas. <\/p>\n","protected":false},"excerpt":{"rendered":"<p><b>Das EEG (Erneuerbare Energien Gesetz) soll nach dem Willen von &#8220;Schwarz &ndash; Gelb&#8221; ge&auml;ndert werden. Vorgesehen ist, das EEG bereits 2010 einer &Uuml;berpr&uuml;fung zu unterziehen.<\/b><\/p>\n","protected":false},"author":3,"featured_media":0,"comment_status":"closed","ping_status":"closed","sticky":false,"template":"","format":"standard","meta":{"_seopress_robots_primary_cat":"","nova_meta_subtitle":"","footnotes":""},"categories":[5572],"tags":[],"supplier":[],"class_list":["post-11941","post","type-post","status-publish","format-standard","hentry","category-bio-based"],"_links":{"self":[{"href":"https:\/\/renewable-carbon.eu\/news\/wp-json\/wp\/v2\/posts\/11941","targetHints":{"allow":["GET"]}}],"collection":[{"href":"https:\/\/renewable-carbon.eu\/news\/wp-json\/wp\/v2\/posts"}],"about":[{"href":"https:\/\/renewable-carbon.eu\/news\/wp-json\/wp\/v2\/types\/post"}],"author":[{"embeddable":true,"href":"https:\/\/renewable-carbon.eu\/news\/wp-json\/wp\/v2\/users\/3"}],"replies":[{"embeddable":true,"href":"https:\/\/renewable-carbon.eu\/news\/wp-json\/wp\/v2\/comments?post=11941"}],"version-history":[{"count":0,"href":"https:\/\/renewable-carbon.eu\/news\/wp-json\/wp\/v2\/posts\/11941\/revisions"}],"wp:attachment":[{"href":"https:\/\/renewable-carbon.eu\/news\/wp-json\/wp\/v2\/media?parent=11941"}],"wp:term":[{"taxonomy":"category","embeddable":true,"href":"https:\/\/renewable-carbon.eu\/news\/wp-json\/wp\/v2\/categories?post=11941"},{"taxonomy":"post_tag","embeddable":true,"href":"https:\/\/renewable-carbon.eu\/news\/wp-json\/wp\/v2\/tags?post=11941"},{"taxonomy":"supplier","embeddable":true,"href":"https:\/\/renewable-carbon.eu\/news\/wp-json\/wp\/v2\/supplier?post=11941"}],"curies":[{"name":"wp","href":"https:\/\/api.w.org\/{rel}","templated":true}]}}