{"id":11887,"date":"2009-08-20T00:00:00","date_gmt":"2009-08-19T22:00:00","guid":{"rendered":"http:\/\/www.bio-based.eu\/news\/index.php?startid=20090819-06n"},"modified":"2009-08-20T00:00:00","modified_gmt":"2009-08-19T22:00:00","slug":"bauen-mit-holz-sanierungspreis-ueber-10-000-e","status":"publish","type":"post","link":"https:\/\/renewable-carbon.eu\/news\/bauen-mit-holz-sanierungspreis-ueber-10-000-e\/","title":{"rendered":"BAUEN MIT HOLZ: Sanierungspreis \u00fcber 10.000 \u20ac"},"content":{"rendered":"<p><b>Erstmals zur Messe DACH+HOLZ International 2010 in K\u00f6ln verleiht die Fachzeitschrift &#8220;BAUEN MIT HOLZ&#8221; aus dem Bruderverlag &#8211; ein Unternehmen der Gruppe Rudolf M\u00fcller &#8211; den &#8220;BAUEN MIT HOLZ&#8221;-Sanierungspreis. Der Gewinner erh\u00e4lt 10.000 Euro in bar. Teilnehmen kann jeder Zimmerer\/Holzbauer, der Mitglied in einer deutschen Innung ist.<\/b><\/p>\n<p>&#8220;In Zeiten negativer Meldungen aus der Wirtschaft, bedenkenswerter Fernsehformate bez\u00fcglich der Qualit\u00e4t von Handwerkerleistungen und dem t\u00e4glichen Kampf um ausk\u00f6mmliche Preise m\u00f6chten wir mit der Auslobung dieses Preises ein Zeichen in der Branche setzen. Wir wissen aus eigener Anschauung, welche hohe Qualit\u00e4t Deutschlands Handwerker tagt\u00e4glich erbringen. Mit dem &#8220;BAUEN MIT HOLZ&#8221;-Sanierungspreis unterst\u00fctzen wir unsere Leser und wollen sie ermutigen, weiterhin &#8211; gerade im immer wichtiger werdenden Marktsegment der Sanierung &#8211; meisterliche Arbeit abzuliefern&#8221;, so Elke Herbst, in der Rudolf M\u00fcller Medienholding zust\u00e4ndig f\u00fcr die Bereiche Konstruktiver Holzbau sowie Dach-, Wand-, Abdichtungstechnik.<\/p>\n<p>Pr\u00e4miert werden sollen au\u00dfergew\u00f6hnlich gute handwerkliche Zimmererarbeiten im Sanierungsbereich. Die Kriterien sind Innovation, Entwurfsqualit\u00e4t, Bauqualit\u00e4t, Wirtschaftlichkeit und Nachhaltigkeit. Der &#8220;BAUEN MIT HOLZ&#8221;-Sanierungspreis wird unterst\u00fctzt und begleitet von Velux. &#8220;Energieeffizientes Modernisieren ist das Kernthema im Wohnungsbaumarkt und damit nat\u00fcrlich auch f\u00fcr Velux. Innovative und qualitativ hochwertige Umsetzungen in diesem Bereich, von denen ich angesichts der hohen Qualit\u00e4ts- Standards des deutschen Handwerks einige erwarte, verdienen gro\u00dfe Aufmerksamkeit und k\u00f6nnen der Branche zus\u00e4tzliche Impulse geben. Demzufolge unterst\u00fctzen wir den &#8216;BAUEN MIT HOLZ&#8217;-Sanierungspreis gerne. Dabei freut es mich, dass neben \u00f6kologischer und \u00f6konomischer Effizienz hier mit der Wohnqualit\u00e4t auch ausdr\u00fccklich das dritte gro\u00dfe Nachhaltigkeitskriterium im Sinne der Ganzheitlichkeit f\u00fcr die Pr\u00e4mierung aufgenommen wurde. Denn diese soziale Komponente k\u00f6nnte in der Kommunikation mit den Kunden ein weiterer entscheidender Ansto\u00df sein, der die Modernisierungsnachfrage richtig ins Rollen bringt&#8221;, so Andreas Kuipers, Gesch\u00e4ftsf\u00fchrer Velux Deutschland GmbH.<\/p>\n<p>Einsendeschluss f\u00fcr die Bewerbungsunterlagen ist der 30. Oktober 2009.<\/p>\n<p><b>Weitere Informationen<\/b><br \/><a href=\"http:\/\/www.bauenmitholz.de\/sanierungspreis.html\" >Details zum Wettbewerb und Teilnahmeformular<\/a><\/p>\n","protected":false},"excerpt":{"rendered":"<p><b>Erstmals zur Messe DACH+HOLZ International 2010 in K&ouml;ln verleiht die Fachzeitschrift &#8220;BAUEN MIT HOLZ&#8221; aus dem Bruderverlag &#8211; ein Unternehmen der Gruppe Rudolf M&uuml;ller &#8211;<\/b><\/p>\n","protected":false},"author":3,"featured_media":0,"comment_status":"closed","ping_status":"closed","sticky":false,"template":"","format":"standard","meta":{"_seopress_robots_primary_cat":"","nova_meta_subtitle":"","footnotes":""},"categories":[5572],"tags":[],"supplier":[],"class_list":["post-11887","post","type-post","status-publish","format-standard","hentry","category-bio-based"],"_links":{"self":[{"href":"https:\/\/renewable-carbon.eu\/news\/wp-json\/wp\/v2\/posts\/11887","targetHints":{"allow":["GET"]}}],"collection":[{"href":"https:\/\/renewable-carbon.eu\/news\/wp-json\/wp\/v2\/posts"}],"about":[{"href":"https:\/\/renewable-carbon.eu\/news\/wp-json\/wp\/v2\/types\/post"}],"author":[{"embeddable":true,"href":"https:\/\/renewable-carbon.eu\/news\/wp-json\/wp\/v2\/users\/3"}],"replies":[{"embeddable":true,"href":"https:\/\/renewable-carbon.eu\/news\/wp-json\/wp\/v2\/comments?post=11887"}],"version-history":[{"count":0,"href":"https:\/\/renewable-carbon.eu\/news\/wp-json\/wp\/v2\/posts\/11887\/revisions"}],"wp:attachment":[{"href":"https:\/\/renewable-carbon.eu\/news\/wp-json\/wp\/v2\/media?parent=11887"}],"wp:term":[{"taxonomy":"category","embeddable":true,"href":"https:\/\/renewable-carbon.eu\/news\/wp-json\/wp\/v2\/categories?post=11887"},{"taxonomy":"post_tag","embeddable":true,"href":"https:\/\/renewable-carbon.eu\/news\/wp-json\/wp\/v2\/tags?post=11887"},{"taxonomy":"supplier","embeddable":true,"href":"https:\/\/renewable-carbon.eu\/news\/wp-json\/wp\/v2\/supplier?post=11887"}],"curies":[{"name":"wp","href":"https:\/\/api.w.org\/{rel}","templated":true}]}}