{"id":11849,"date":"2009-09-11T00:00:00","date_gmt":"2009-09-10T22:00:00","guid":{"rendered":"http:\/\/www.bio-based.eu\/news\/index.php?startid=20090911-03n"},"modified":"2017-12-12T12:12:18","modified_gmt":"2017-12-12T11:12:18","slug":"wpc-hersteller-erhoehen-kapazitaeten","status":"publish","type":"post","link":"https:\/\/renewable-carbon.eu\/news\/wpc-hersteller-erhoehen-kapazitaeten\/","title":{"rendered":"WPC-Hersteller erh\u00f6hen Kapazit\u00e4ten"},"content":{"rendered":"<p><b>Wie der Nchrichtendienst EUWID Holz &amp; Holzwerkstoffe berichtet, sind im Bereich der Holz-Polymer-Werkstoffe (WPC) sind in Deutschland in den vergangenen Monaten umfangreiche Investitionen in den Ausbau der Produktionskapazit\u00e4ten umgesetzt worden. Weitere konkrete Ausbauschritte sind in Planung.<\/b><\/p>\n<p>In den meisten F\u00e4llen wurden bzw. werden im Zuge des Ausbaus neue Extrusionsanlagen aufgebaut, auf denen schwerpunktm\u00e4\u00dfig Terrassendielen hergestellt werden. Die Hersteller reagieren damit auf eine stetig steigende Nachfrage aus dem Bereich Deckings. Durch die aktuelle Kapazit\u00e4tsausweitung baut Deutschland seine in diesem Bereich f\u00fchrende Stellung innerhalb Europas weiter aus.<\/p>\n<p><b>Kosche stockt auf<\/b><br \/>\nDie Kosche-Gruppe plant im Bereich WPC erneut eine deutliche Aufstockung der Produktionskapazit\u00e4ten. So sollen am Standort Mittenaar-Bicken bis Mitte 2010 drei bis f\u00fcnf weitere Extruder inklusive entsprechender Peripherieanlagen installiert werden, womit sich die aktuelle Kapazit\u00e4t ann\u00e4hernd verdoppeln wird. Zudem will das Unternehmen weiter in die eigene Aufbereitung des WPC-Compounds investieren; zuk\u00fcnftig sollen alle ben\u00f6tigten Komponenten aus der eigenen Prozesskette stammen.<\/p>\n<p><img decoding=\"async\" style=\"margin-left: 10px;\" src=\"https:\/\/renewable-carbon.eu\/news\/wp-content\/uploads\/news-images\/20090911-03\/Banner-WPC-de.gif\" alt=\"Banner-WPC-de.gif\" align=\"right\" border=\"0\" \/><i>Den <a href=\"http:\/\/www.wpc-kongress.de\/\">Dritten Deutschen WPC-Kongress<\/a> f\u00fchrt die nova-Institut GmbH am 2. und 3. Dezember 2009 durch. Veranstaltungsort ist der gro\u00dfe Saal im K\u00f6lner Maritim Hotel. Eine gro\u00dfe Ausstellung, die Verleihung zweier Innovationspreise und begleitende Verbandsaktivit\u00e4ten bilden den Rahmen dieser gr\u00f6\u00dften europ\u00e4ischen WPC-Veranstaltung. Im Jahr 2007 besuchten 350 Teilnehmer aus 25 L\u00e4ndern den &#8220;Zweiten Deutschen WPC-Kongress&#8221;. Informationen zu Kongress, Ausstellung und Innovationspreis: <a href=\"http:\/\/www.wpc-kongress.de\/\">www.wpc-kongress.de<\/a><\/i><\/p>\n","protected":false},"excerpt":{"rendered":"<p><b>Wie der Nchrichtendienst EUWID Holz &amp; Holzwerkstoffe berichtet, sind im Bereich der Holz-Polymer-Werkstoffe (WPC) sind in Deutschland in den vergangenen Monaten umfangreiche Investitionen in den<\/b><\/p>\n","protected":false},"author":3,"featured_media":0,"comment_status":"closed","ping_status":"closed","sticky":false,"template":"","format":"standard","meta":{"_seopress_robots_primary_cat":"","nova_meta_subtitle":"","footnotes":""},"categories":[5572],"tags":[],"supplier":[556],"class_list":["post-11849","post","type-post","status-publish","format-standard","hentry","category-bio-based","supplier-kosche-profilummantelung-gmbh"],"_links":{"self":[{"href":"https:\/\/renewable-carbon.eu\/news\/wp-json\/wp\/v2\/posts\/11849","targetHints":{"allow":["GET"]}}],"collection":[{"href":"https:\/\/renewable-carbon.eu\/news\/wp-json\/wp\/v2\/posts"}],"about":[{"href":"https:\/\/renewable-carbon.eu\/news\/wp-json\/wp\/v2\/types\/post"}],"author":[{"embeddable":true,"href":"https:\/\/renewable-carbon.eu\/news\/wp-json\/wp\/v2\/users\/3"}],"replies":[{"embeddable":true,"href":"https:\/\/renewable-carbon.eu\/news\/wp-json\/wp\/v2\/comments?post=11849"}],"version-history":[{"count":0,"href":"https:\/\/renewable-carbon.eu\/news\/wp-json\/wp\/v2\/posts\/11849\/revisions"}],"wp:attachment":[{"href":"https:\/\/renewable-carbon.eu\/news\/wp-json\/wp\/v2\/media?parent=11849"}],"wp:term":[{"taxonomy":"category","embeddable":true,"href":"https:\/\/renewable-carbon.eu\/news\/wp-json\/wp\/v2\/categories?post=11849"},{"taxonomy":"post_tag","embeddable":true,"href":"https:\/\/renewable-carbon.eu\/news\/wp-json\/wp\/v2\/tags?post=11849"},{"taxonomy":"supplier","embeddable":true,"href":"https:\/\/renewable-carbon.eu\/news\/wp-json\/wp\/v2\/supplier?post=11849"}],"curies":[{"name":"wp","href":"https:\/\/api.w.org\/{rel}","templated":true}]}}