{"id":11738,"date":"2009-07-22T00:00:00","date_gmt":"2009-07-21T22:00:00","guid":{"rendered":"http:\/\/www.bio-based.eu\/news\/index.php?startid=20090722-02n"},"modified":"2017-12-12T12:18:32","modified_gmt":"2017-12-12T11:18:32","slug":"beidseitig-nutzbar-wpc-fassadenprofil-von-werzalit","status":"publish","type":"post","link":"https:\/\/renewable-carbon.eu\/news\/beidseitig-nutzbar-wpc-fassadenprofil-von-werzalit\/","title":{"rendered":"Beidseitig nutzbar: WPC-Fassadenprofil von Werzalit"},"content":{"rendered":"<p><b>Es ist nicht nur die samtige Oberfl\u00e4che des neuen WERZALIT-Fassadenprofils Structura. Verantwortlich f\u00fcr die v\u00f6llig neue, sympathische Optik eines Geb\u00e4udes sind auch die sanften T\u00f6ne &#8211; braun, grau oder metallic. Grafische Akzente \u2013 und damit eine gro\u00dfz\u00fcgige gestalterische Freiheit \u2013 lassen sich durch die Oberfl\u00e4chenstruktur der Profile setzen. Die Entwickler von WERZALIT haben daf\u00fcr tief in die Trickkiste gegriffen: Das Fassadenprofil ist beidseitig einsetzbar! Auf der einen Seite feingliedrig traditionell und auf der anderen Seite gro\u00dffl\u00e4chig modern. Die Markteinf\u00fchrung von Structura ist f\u00fcr 2010 geplant.<\/b><\/p>\n<p><img decoding=\"async\" style=\"margin-left: 10px;\" src=\"https:\/\/renewable-carbon.eu\/news\/wp-content\/uploads\/news-images\/20090722-02\/12.jpg\" alt=\"12.jpg\" align=\"right\" border=\"0\" \/>Das Material aus dem preisgekr\u00f6nten Holz-Polymer-Werkstoff S2 vermittelt die W\u00e4rme und Nat\u00fcrlichkeit des Holzes, besitzt jedoch alle Attribute eines zukunftsweisenden, witterungsbest\u00e4ndigen und wartungsarmen sowie funktionalen Baudetails. Es ist nur logisch und konsequent, dieses Material auch f\u00fcr die Gestaltung von Fassaden einzusetzen. WERZALIT entwickelte daf\u00fcr ein durchdachtes Fassadensystem mit vielen Vorteilen. So bietet schon die au\u00dfer-gew\u00f6hnliche Profilbreite von 240 mm und der gro\u00dfe Achsabstand von 625 mm einen verringerten Montageaufwand gegen\u00fcber vergleichbaren Wettbewerbsprodukten. Die Deckbreite betr\u00e4gt dabei 232 mm.<\/p>\n<p>Erm\u00f6glicht wird dieser Vorteil der gro\u00dfen Befestigungsabst\u00e4nde durch die stabilen und hochwertigen Montageklammern. In die gleiche Kerbe schl\u00e4gt auch das Profil selber. Denn auch das Profil weist durch die Ausf\u00fchrung mit Hohlkammern eine hohe Eigenstabilit\u00e4t und zugleich hohe Wertigkeit auf, insbesondere gegen\u00fcber \u00fcblichen Einschichtprofilen. Die maximale L\u00e4nge misst 2,70 m, womit die Profile w\u00e4hrend der Montage ganz leicht von einer Person zu handhaben sind.<\/p>\n<p>Die Fassadenprofile Structura sind resistent gegen Insekten und Pilze, wasserabweisend, wartungsarm und leicht zu reinigen. Auch dass sie bruch- und schlagfest sind, sogar bei starkem Hagel, versteht sich von selbst. Als vorgeh\u00e4ngte Fassaden sch\u00fctzen sie einerseits die Bausubstanz vor Witterungseinfl\u00fcssen und andererseits vor Funktionsbeeintr\u00e4chtigungen durch Abf\u00fchrung von Bau- und Nutzungsfeuchte.<\/p>\n<p>Aufgrund seiner technischen Eigenschaften und der Designvielfalt stellt das Fassadenprofil Structura somit eine Herausforderung f\u00fcr alle Architekten und Bauherren dar.<\/p>\n<p><img decoding=\"async\" style=\"margin-left: 10px;\" src=\"https:\/\/renewable-carbon.eu\/news\/wp-content\/uploads\/news-images\/20090722-02\/Banner-WPC-de.gif\" alt=\"Banner-WPC-de.gif\" align=\"right\" border=\"0\" \/><i>Den <a href=\"http:\/\/www.wpc-kongress.de\/\">Dritten Deutschen WPC-Kongress<\/a> f\u00fchrt die nova-Institut GmbH am 2. und 3. Dezember 2009 durch. Veranstaltungsort ist der gro\u00dfe Saal im K\u00f6lner Maritim Hotel. Eine gro\u00dfe Ausstellung, die Verleihung zweier Innovationspreise und begleitende Verbandsaktivit\u00e4ten bilden den Rahmen dieser gr\u00f6\u00dften europ\u00e4ischen WPC-Veranstaltung. Im Jahr 2007 besuchten 350 Teilnehmer aus 25 L\u00e4ndern den &#8220;Zweiten Deutschen WPC-Kongress&#8221;. Informationen zu Kongress, Ausstellung und Innovationspreis: <a href=\"http:\/\/www.wpc-kongress.de\/\">www.wpc-kongress.de<\/a><\/i><\/p>\n","protected":false},"excerpt":{"rendered":"<p><b>Es ist nicht nur die samtige Oberfl&auml;che des neuen WERZALIT-Fassadenprofils Structura. Verantwortlich f&uuml;r die v&ouml;llig neue, sympathische Optik eines Geb&auml;udes sind auch die sanften T&ouml;ne<\/b><\/p>\n","protected":false},"author":3,"featured_media":0,"comment_status":"closed","ping_status":"closed","sticky":false,"template":"","format":"standard","meta":{"_seopress_robots_primary_cat":"","nova_meta_subtitle":"","footnotes":""},"categories":[5572],"tags":[],"supplier":[475],"class_list":["post-11738","post","type-post","status-publish","format-standard","hentry","category-bio-based","supplier-werzalit-gmbh-co-kg"],"_links":{"self":[{"href":"https:\/\/renewable-carbon.eu\/news\/wp-json\/wp\/v2\/posts\/11738","targetHints":{"allow":["GET"]}}],"collection":[{"href":"https:\/\/renewable-carbon.eu\/news\/wp-json\/wp\/v2\/posts"}],"about":[{"href":"https:\/\/renewable-carbon.eu\/news\/wp-json\/wp\/v2\/types\/post"}],"author":[{"embeddable":true,"href":"https:\/\/renewable-carbon.eu\/news\/wp-json\/wp\/v2\/users\/3"}],"replies":[{"embeddable":true,"href":"https:\/\/renewable-carbon.eu\/news\/wp-json\/wp\/v2\/comments?post=11738"}],"version-history":[{"count":0,"href":"https:\/\/renewable-carbon.eu\/news\/wp-json\/wp\/v2\/posts\/11738\/revisions"}],"wp:attachment":[{"href":"https:\/\/renewable-carbon.eu\/news\/wp-json\/wp\/v2\/media?parent=11738"}],"wp:term":[{"taxonomy":"category","embeddable":true,"href":"https:\/\/renewable-carbon.eu\/news\/wp-json\/wp\/v2\/categories?post=11738"},{"taxonomy":"post_tag","embeddable":true,"href":"https:\/\/renewable-carbon.eu\/news\/wp-json\/wp\/v2\/tags?post=11738"},{"taxonomy":"supplier","embeddable":true,"href":"https:\/\/renewable-carbon.eu\/news\/wp-json\/wp\/v2\/supplier?post=11738"}],"curies":[{"name":"wp","href":"https:\/\/api.w.org\/{rel}","templated":true}]}}