{"id":11644,"date":"2009-05-28T00:00:00","date_gmt":"2009-05-27T22:00:00","guid":{"rendered":"http:\/\/www.bio-based.eu\/news\/index.php?startid=20090528-03n"},"modified":"2009-05-28T00:00:00","modified_gmt":"2009-05-27T22:00:00","slug":"stoffliche-nutzung-stellen-frei","status":"publish","type":"post","link":"https:\/\/renewable-carbon.eu\/news\/stoffliche-nutzung-stellen-frei\/","title":{"rendered":"Stoffliche Nutzung: Stellen frei"},"content":{"rendered":"<p>An der Fachhochschule Oldenburg\/Ostfriesland\/Wilhelmshaven ist im Fachbereich Technik am Studienort Emden zum n\u00e4chstm\u00f6glichen Zeitpunkt die Stelle des\/der Leiter\/in einer Nachwuchsgruppe (entsprechend der pers\u00f6nlichen Qualifikation bis Entgeltgruppe E 15 TV-L) f\u00fcr das Gebiet <b>&#8220;Stoffliche Nutzung von Fetten und \u00d6len als nachwachsende Rohstoffe&#8221;<\/b> zu besetzen. Die Bewerbungsfrist endet am 31. Juli 2009. N\u00e4here Ausk\u00fcnfte erteilt Prof. Helga Meyer (Tel.: 04921-807 15 94).<\/p>\n<p>Am Institut f\u00fcr Agrartechnologie und Biosystemtechnik des Johann Heinrich von Th\u00fcnen Instituts (vTI), Bundesforschungsinstitut f\u00fcr L\u00e4ndliche R\u00e4ume, Wald und Fischerei in Braunschweig wird zum n\u00e4chstm\u00f6glichen Zeitpunkt ein(e) wissenschaftliche(r) Angestellte(r) im Arbeitsbereich <b>&#8220;Stoffliche Nutzung nachwachsender Rohstoffe &#8211; Nachhaltigkeitsbewertung&#8221;<\/b> gesucht. Die Stelle ist unbefristet, Bewerbungsschluss ist der 20.06.2009.<br \/>N\u00e4here Ausk\u00fcnfte erteilt Prof. Dr. Klaus-Dieter Vorlop (Tel.: 0531 &#8211; 596 41 02, E-Mail: <a href=\"mailto:klaus.vorlop@vti.bund.de\">klaus.vorlop@vti.bund.de<\/a>)<\/p>\n<p><b>Weitere Informationen<\/b><br \/><a href=\"http:\/\/www.nachwachsenderohstoffe.de\/index.php?id=2500\" >Ausschreibungen \/ weitere Details<\/a><\/p>\n","protected":false},"excerpt":{"rendered":"<p>An der Fachhochschule Oldenburg\/Ostfriesland\/Wilhelmshaven ist im Fachbereich Technik am Studienort Emden zum n&auml;chstm&ouml;glichen Zeitpunkt die Stelle des\/der Leiter\/in einer Nachwuchsgruppe (entsprechend der pers&ouml;nlichen Qualifikation bis<\/p>\n","protected":false},"author":3,"featured_media":0,"comment_status":"closed","ping_status":"closed","sticky":false,"template":"","format":"standard","meta":{"_seopress_robots_primary_cat":"","nova_meta_subtitle":"","footnotes":""},"categories":[5572],"tags":[],"supplier":[520,64],"class_list":["post-11644","post","type-post","status-publish","format-standard","hentry","category-bio-based","supplier-fachhochschule-oldenburgostfrieslandwilhelmshaven","supplier-johann-heinrich-von-thuenen-institut-vti"],"_links":{"self":[{"href":"https:\/\/renewable-carbon.eu\/news\/wp-json\/wp\/v2\/posts\/11644","targetHints":{"allow":["GET"]}}],"collection":[{"href":"https:\/\/renewable-carbon.eu\/news\/wp-json\/wp\/v2\/posts"}],"about":[{"href":"https:\/\/renewable-carbon.eu\/news\/wp-json\/wp\/v2\/types\/post"}],"author":[{"embeddable":true,"href":"https:\/\/renewable-carbon.eu\/news\/wp-json\/wp\/v2\/users\/3"}],"replies":[{"embeddable":true,"href":"https:\/\/renewable-carbon.eu\/news\/wp-json\/wp\/v2\/comments?post=11644"}],"version-history":[{"count":0,"href":"https:\/\/renewable-carbon.eu\/news\/wp-json\/wp\/v2\/posts\/11644\/revisions"}],"wp:attachment":[{"href":"https:\/\/renewable-carbon.eu\/news\/wp-json\/wp\/v2\/media?parent=11644"}],"wp:term":[{"taxonomy":"category","embeddable":true,"href":"https:\/\/renewable-carbon.eu\/news\/wp-json\/wp\/v2\/categories?post=11644"},{"taxonomy":"post_tag","embeddable":true,"href":"https:\/\/renewable-carbon.eu\/news\/wp-json\/wp\/v2\/tags?post=11644"},{"taxonomy":"supplier","embeddable":true,"href":"https:\/\/renewable-carbon.eu\/news\/wp-json\/wp\/v2\/supplier?post=11644"}],"curies":[{"name":"wp","href":"https:\/\/api.w.org\/{rel}","templated":true}]}}