{"id":11636,"date":"2009-06-03T00:00:00","date_gmt":"2009-06-02T22:00:00","guid":{"rendered":"http:\/\/www.bio-based.eu\/news\/index.php?startid=20090603-05n"},"modified":"2009-06-03T00:00:00","modified_gmt":"2009-06-02T22:00:00","slug":"lenzing-preisanstieg-bei-regeneratfasern-aus-zellulose","status":"publish","type":"post","link":"https:\/\/renewable-carbon.eu\/news\/lenzing-preisanstieg-bei-regeneratfasern-aus-zellulose\/","title":{"rendered":"Lenzing: Preisanstieg bei Regeneratfasern aus Zellulose"},"content":{"rendered":"<p><b>Die Lenzing Gruppe, weltweit f\u00fchrender Hersteller von Man-made Cellulosefasern, wird die Faserpreise ab sofort anheben.<\/b><\/p>\n<p>Aufgrund des aktuell sehr niedrigen Preisniveaus und der bereits wieder steigenden Preise der f\u00fcr die Faserproduktion relevanten Rohstoffe ist diese Ma\u00dfnahme unumg\u00e4nglich. Die Preiserh\u00f6hungen betreffen die gesamte Faserpalette, sowohl textile Fasern als auch Nonwovensfasern. Die genauen Preiserh\u00f6hungen variieren je nach Fasertype und werden mindestens 7% betragen.<\/p>\n","protected":false},"excerpt":{"rendered":"<p><b>Die Lenzing Gruppe, weltweit f&uuml;hrender Hersteller von Man-made Cellulosefasern, wird die Faserpreise ab sofort anheben.<\/b><\/p>\n<p>Aufgrund des aktuell sehr niedrigen Preisniveaus und der bereits<\/p>\n","protected":false},"author":3,"featured_media":0,"comment_status":"closed","ping_status":"closed","sticky":false,"template":"","format":"standard","meta":{"_seopress_robots_primary_cat":"","nova_meta_subtitle":"","footnotes":""},"categories":[5572],"tags":[],"supplier":[304],"class_list":["post-11636","post","type-post","status-publish","format-standard","hentry","category-bio-based","supplier-lenzing-gruppe"],"_links":{"self":[{"href":"https:\/\/renewable-carbon.eu\/news\/wp-json\/wp\/v2\/posts\/11636","targetHints":{"allow":["GET"]}}],"collection":[{"href":"https:\/\/renewable-carbon.eu\/news\/wp-json\/wp\/v2\/posts"}],"about":[{"href":"https:\/\/renewable-carbon.eu\/news\/wp-json\/wp\/v2\/types\/post"}],"author":[{"embeddable":true,"href":"https:\/\/renewable-carbon.eu\/news\/wp-json\/wp\/v2\/users\/3"}],"replies":[{"embeddable":true,"href":"https:\/\/renewable-carbon.eu\/news\/wp-json\/wp\/v2\/comments?post=11636"}],"version-history":[{"count":0,"href":"https:\/\/renewable-carbon.eu\/news\/wp-json\/wp\/v2\/posts\/11636\/revisions"}],"wp:attachment":[{"href":"https:\/\/renewable-carbon.eu\/news\/wp-json\/wp\/v2\/media?parent=11636"}],"wp:term":[{"taxonomy":"category","embeddable":true,"href":"https:\/\/renewable-carbon.eu\/news\/wp-json\/wp\/v2\/categories?post=11636"},{"taxonomy":"post_tag","embeddable":true,"href":"https:\/\/renewable-carbon.eu\/news\/wp-json\/wp\/v2\/tags?post=11636"},{"taxonomy":"supplier","embeddable":true,"href":"https:\/\/renewable-carbon.eu\/news\/wp-json\/wp\/v2\/supplier?post=11636"}],"curies":[{"name":"wp","href":"https:\/\/api.w.org\/{rel}","templated":true}]}}