{"id":11630,"date":"2009-06-04T00:00:00","date_gmt":"2009-06-03T22:00:00","guid":{"rendered":"http:\/\/www.bio-based.eu\/news\/index.php?startid=20090604-05n"},"modified":"2009-06-04T00:00:00","modified_gmt":"2009-06-03T22:00:00","slug":"agrarmarkt-informations-gmbh-hat-arbeit-aufgenommen","status":"publish","type":"post","link":"https:\/\/renewable-carbon.eu\/news\/agrarmarkt-informations-gmbh-hat-arbeit-aufgenommen\/","title":{"rendered":"Agrarmarkt Informations-GmbH hat Arbeit aufgenommen"},"content":{"rendered":"<p><b>Die Agrarmarkt Informations-GmbH (AMI) hat ihre Arbeit aufgenommen, teilte der Deutsche Bauernverband (DBV) mit. Am Hauptstandort in Bonn sowie in zwei B\u00fcros in Hamburg und Berlin sind 35 Mitarbeiterinnen und Mitarbeiter t\u00e4tig.<\/b> <\/p>\n<p>Sie erstellen aktuelle Markt- und Preisberichte, um Landwirte und alle \u00fcbrigen Marktteilnehmer ab sofort mit zuverl\u00e4ssigen und neutralen Marktinformationen zu versorgen. &#8220;Die AMI GmbH wird in den n\u00e4chsten Wochen weiter wachsen und vor allem die Informationsangebote mit Auslands\u00adanalysen, Daten zu Agrarrohstoffen und Betriebsmitteln erweitern&#8221;, erkl\u00e4rte AMI-Gesch\u00e4fts\u00adf\u00fchrer Christian Alter. &#8220;Wir haben jetzt ein professionelles Team beisammen, das aus erfah\u00adrenen und engagierten Mitarbeitern mit hervorragenden Marktkenntnissen besteht.&#8221;<\/p>\n<p>AMI-Ansprechpartner nach Schwerpunkten:<br \/>[list]Gartenbau, \u00d6ko-Landbau: Dr. Hans-Christoph Behr<\/p>\n<li>Pflanzenbau: Martin Schraa<\/li>\n<li>\u00d6le &#038; Bioenergie: Wienke von Schenck<\/li>\n<li>Milchwirtschaft: Reinhard Schoch<\/li>\n<li>Fleischwirtschaft: Dr. Dietmar Wei\u00df<\/li>\n<li>Gefl\u00fcgelwirtschaft: Astrid Wilckens<\/li>\n<li>Verbraucherforschung: Dr. Paul Michels<\/li>\n<li>Internationale M\u00e4rkte: Dr. Olaf Zinke<\/li>\n<li>Betriebsmittel: Leif Erik Rehder\n<p>Zu erreichen sind die Ansprechpartner der AMI zurzeit am besten per E-Mail. Die-Adresse setzt sich zusammen aus: Vorname.Nachname@marktundpreis.de. Die ausf\u00fchrliche Liste der Ansprechpartner mit ihren Kontaktdaten steht im Internet unter <a href=\"http:\/\/www.agrarmarkt-info.de\/\" >www.agrarmarkt-info.de<\/a> bereit.<\/li>\n","protected":false},"excerpt":{"rendered":"<p><b>Die Agrarmarkt Informations-GmbH (AMI) hat ihre Arbeit aufgenommen, teilte der Deutsche Bauernverband (DBV) mit. Am Hauptstandort in Bonn sowie in zwei B&uuml;ros in Hamburg und<\/b><\/p>\n","protected":false},"author":3,"featured_media":0,"comment_status":"closed","ping_status":"closed","sticky":false,"template":"","format":"standard","meta":{"_seopress_robots_primary_cat":"","nova_meta_subtitle":"","footnotes":""},"categories":[5572],"tags":[],"supplier":[1263],"class_list":["post-11630","post","type-post","status-publish","format-standard","hentry","category-bio-based","supplier-agrarmarkt-informations-gmbh-ami"],"_links":{"self":[{"href":"https:\/\/renewable-carbon.eu\/news\/wp-json\/wp\/v2\/posts\/11630","targetHints":{"allow":["GET"]}}],"collection":[{"href":"https:\/\/renewable-carbon.eu\/news\/wp-json\/wp\/v2\/posts"}],"about":[{"href":"https:\/\/renewable-carbon.eu\/news\/wp-json\/wp\/v2\/types\/post"}],"author":[{"embeddable":true,"href":"https:\/\/renewable-carbon.eu\/news\/wp-json\/wp\/v2\/users\/3"}],"replies":[{"embeddable":true,"href":"https:\/\/renewable-carbon.eu\/news\/wp-json\/wp\/v2\/comments?post=11630"}],"version-history":[{"count":0,"href":"https:\/\/renewable-carbon.eu\/news\/wp-json\/wp\/v2\/posts\/11630\/revisions"}],"wp:attachment":[{"href":"https:\/\/renewable-carbon.eu\/news\/wp-json\/wp\/v2\/media?parent=11630"}],"wp:term":[{"taxonomy":"category","embeddable":true,"href":"https:\/\/renewable-carbon.eu\/news\/wp-json\/wp\/v2\/categories?post=11630"},{"taxonomy":"post_tag","embeddable":true,"href":"https:\/\/renewable-carbon.eu\/news\/wp-json\/wp\/v2\/tags?post=11630"},{"taxonomy":"supplier","embeddable":true,"href":"https:\/\/renewable-carbon.eu\/news\/wp-json\/wp\/v2\/supplier?post=11630"}],"curies":[{"name":"wp","href":"https:\/\/api.w.org\/{rel}","templated":true}]}}