{"id":11535,"date":"2009-04-07T00:00:00","date_gmt":"2009-04-06T22:00:00","guid":{"rendered":"http:\/\/www.bio-based.eu\/news\/index.php?startid=20090406-02n"},"modified":"2009-04-07T00:00:00","modified_gmt":"2009-04-06T22:00:00","slug":"pav-recycling-von-biofolie","status":"publish","type":"post","link":"https:\/\/renewable-carbon.eu\/news\/pav-recycling-von-biofolie\/","title":{"rendered":"PAV: Recycling von Biofolie"},"content":{"rendered":"<p><b>Wie die PAV GmbH &#038; Co. Vertriebs KG berichtet, ist das Unternehmen nach erheblichem Entwicklungsaufwand jetzt in der Lage, Biofolie zu Regenerat zu verarbeiten.<\/b><\/p>\n<p>Das Recycling wird dabei derzeit von Produktionsabf\u00e4llen vorgenommen. Ein Anteil aus unbedruckter Folie kann dem Ausgangsprodukt &#8220;Tragetaschen&#8221; beigemischt werden. Die bedruckten Produktionsabf\u00e4lle k\u00f6nnen zu Regenerat verarbeitet werden, um aus 100 % Regenerat Fr\u00fchbeetfolien und Komposts\u00e4cke herzustellen. Die Folie ist dabei nach Angaben des Unternehmens nach Norm EN 13432 vollst\u00e4ndig biologisch abbaubar.<\/p>\n<p>Das Unternehmen weist auf die Notwendigkeit hin, dass sich f\u00fcr Biofolie ein eigener Kreislauf entwickeln m\u00fcsse, da diese Folien mit anderen Folien nicht vertr\u00e4glich sind. Zur Zeit laufen auch noch weitere Tests, inwieweit sich unterschiedliche Biokunststoff-Produkte miteinander vertragen.<\/p>\n","protected":false},"excerpt":{"rendered":"<p><b>Wie die PAV GmbH &amp; Co. Vertriebs KG berichtet, ist das Unternehmen nach erheblichem Entwicklungsaufwand jetzt in der Lage, Biofolie zu Regenerat zu verarbeiten.<\/b><\/p>\n","protected":false},"author":3,"featured_media":0,"comment_status":"closed","ping_status":"closed","sticky":false,"template":"","format":"standard","meta":{"_seopress_robots_primary_cat":"","nova_meta_subtitle":"","footnotes":""},"categories":[5572],"tags":[],"supplier":[555],"class_list":["post-11535","post","type-post","status-publish","format-standard","hentry","category-bio-based","supplier-pav-recyclate"],"_links":{"self":[{"href":"https:\/\/renewable-carbon.eu\/news\/wp-json\/wp\/v2\/posts\/11535","targetHints":{"allow":["GET"]}}],"collection":[{"href":"https:\/\/renewable-carbon.eu\/news\/wp-json\/wp\/v2\/posts"}],"about":[{"href":"https:\/\/renewable-carbon.eu\/news\/wp-json\/wp\/v2\/types\/post"}],"author":[{"embeddable":true,"href":"https:\/\/renewable-carbon.eu\/news\/wp-json\/wp\/v2\/users\/3"}],"replies":[{"embeddable":true,"href":"https:\/\/renewable-carbon.eu\/news\/wp-json\/wp\/v2\/comments?post=11535"}],"version-history":[{"count":0,"href":"https:\/\/renewable-carbon.eu\/news\/wp-json\/wp\/v2\/posts\/11535\/revisions"}],"wp:attachment":[{"href":"https:\/\/renewable-carbon.eu\/news\/wp-json\/wp\/v2\/media?parent=11535"}],"wp:term":[{"taxonomy":"category","embeddable":true,"href":"https:\/\/renewable-carbon.eu\/news\/wp-json\/wp\/v2\/categories?post=11535"},{"taxonomy":"post_tag","embeddable":true,"href":"https:\/\/renewable-carbon.eu\/news\/wp-json\/wp\/v2\/tags?post=11535"},{"taxonomy":"supplier","embeddable":true,"href":"https:\/\/renewable-carbon.eu\/news\/wp-json\/wp\/v2\/supplier?post=11535"}],"curies":[{"name":"wp","href":"https:\/\/api.w.org\/{rel}","templated":true}]}}