{"id":11479,"date":"2009-01-16T00:00:00","date_gmt":"2009-01-15T22:00:00","guid":{"rendered":"http:\/\/www.bio-based.eu\/news\/index.php?startid=20090116-05n"},"modified":"2009-01-16T00:00:00","modified_gmt":"2009-01-15T22:00:00","slug":"nova-buchbesprechung-tannenbaeume-eine-zukunft-fuer-abies-alba","status":"publish","type":"post","link":"https:\/\/renewable-carbon.eu\/news\/nova-buchbesprechung-tannenbaeume-eine-zukunft-fuer-abies-alba\/","title":{"rendered":"nova-Buchbesprechung: Tannenb\u00e4ume &#8211; Eine Zukunft f\u00fcr Abies alba."},"content":{"rendered":"<p><b>Eindrucksvoll beschreibt der pensionierte F\u00f6rster Wolf Hockenjos \u00fcber 232 Seiten den Werdegang der Wei\u00dftanne als Nutzholz und ihr Prestige. Das Buch ist geradezu eine Hommage an den Baum und das Premiumprodukt Tanne. Sehr ausf\u00fchrlich geht Hockenjos auf Mythen und die Geschichte des Nadelbaumes ein, dabei kommt die heutige stoffliche Nutzung der Tanne als Bauholz, die Verwendung im Innenausbau etc. allerdings etwas zu kurz. Entgegen den im Titel geweckten Erwartungen, etwas \u00fcber die Zukunft der Tanne zu erfahren, besch\u00e4ftigt sich hiermit lediglich ein Kapitel.<\/b><\/p>\n<p><img SRC=\"https:\/\/renewable-carbon.eu\/news\/wp-content\/uploads\/news-images\/20090116-05\/9783871817236.jpg\" align=\"right\" style=\"margin-left:10px;\" BORDER=\"0\" ALT=\"9783871817236.jpg\"\/><b>Buchvorstellung des Verlags<\/b><br \/>Die Wei\u00dftanne ist der Baum naturnaher Bergmischw\u00e4lder mit einem nat\u00fcrlichen Verbreitungsgebiet von Kalabrien bis Ostpolen. Im Schwarzwald gilt sie als Charakterbaum, und auch sonst erfreut sich der Tannenbaum gr\u00f6\u00dfter Popularit\u00e4t. Dennoch ist Abies alba bedroht. Zur Zeit des Waldsterbens litt die Baumart am meisten unter den Immissionen. Ein wenig tannengem\u00e4\u00dfer Waldbau seit Beginn der geregelten Forstwirtschaft und \u00fcberh\u00f6hte Wildbest\u00e4nde nach Ausrottung deren nat\u00fcrlicher Feinde taten ein \u00dcbriges: In manchen Gebirgen steht die Tanne kurz vor dem Aussterben.<\/p>\n<p>Dabei k\u00f6nnte dieser geschichtstr\u00e4chtigen und mythenreichen Nadelbaumart im Bergwald der Zukunft eine wichtige \u00f6kologische, aber auch \u00f6konomische Rolle zukommen. Seit gegen die Jahrtausendwende der Schwefelgehalt der Luft \u00fcber Europa wieder stark reduziert werden konnte, bieten naturnahe Mischw\u00e4lder mit Tannen auch und gerade unter den Vorzeichen des Klimawandels wieder neue Zukunftsperspektiven. Gegen Trockenheit, Schadinsekten und St\u00fcrme sind Wei\u00dftannen weitaus besser ger\u00fcstet als Fichten. Hockenjos beschreibt in 17 Kapiteln die mitunter tragische Geschichte, aber auch die Chancen dieser Baumart im Wald der Zukunft. In gut lesbarer Diktion und unterhaltsamer Sprache folgt der den Spuren der Tanne in Malerei und Literatur ebenso wie in der Wirtschaftsgeschichte und in der eigenen Biografie.<\/p>\n<p><b>Zum Autor<\/b><br \/>Wolf Hockenjos, geboren 1940, ist Schwarzw\u00e4lder. Ein Vierteljahrhundert leitete er das Staatliche Forstamt in Villingen-Schwenningen, wo die Wei\u00dftanne, ihre Wiedereinbringung, Vermehrung und Bewirtschaftung f\u00fcr ihn zur zentralen beruflichen Herausforderung wurde. Der Beruf brachte es mit sich, dass er sich im Ehrenamt auch dem Naturschutz verpflichtet sah. Er war langj\u00e4hriger Kreisbeauftragter f\u00fcr Naturschutz und ist bis heute forstwirtschaftlicher Referent des Landesnaturschutzverbandes. Besonders am Herzen liegt ihm die Schwarzwaldlandschaft. Wo er sie bedroht sieht, greift er zu Kamera und Feder. So entstanden B\u00fccher und zahlreiche Bild- und Textbeitr\u00e4ge. Zugleich war und ist er begeisterter Skilangl\u00e4ufer, dem der Hochschwarzwald das Langlaufzentrum Thurnerspur und den Fernskiwanderweg Schonach-Belchen verdankt. Beide Einrichtungen werden durch F\u00f6rdervereine unterhalten, deren Vorsitzender er seit deren Gr\u00fcndung ist.<\/p>\n<p><b>Bibliographische Angaben<\/b><br \/>Wolf Hockenjos, 2008: Tannenb\u00e4ume \u2013 Eine Zukunft f\u00fcr Abies alba. DRW-Verlag, 232 Seiten, 165 Farbabbildungen, 19 x 26 cm, geb., 24,90 \u20ac. ISBN 978-3-87181-723-6<\/p>\n","protected":false},"excerpt":{"rendered":"<p><b>Eindrucksvoll beschreibt der pensionierte F&ouml;rster Wolf Hockenjos &uuml;ber 232 Seiten den Werdegang der Wei&szlig;tanne als Nutzholz und ihr Prestige. Das Buch ist geradezu eine Hommage<\/b><\/p>\n","protected":false},"author":3,"featured_media":0,"comment_status":"closed","ping_status":"closed","sticky":false,"template":"","format":"standard","meta":{"_seopress_robots_primary_cat":"","nova_meta_subtitle":"","footnotes":""},"categories":[5572],"tags":[],"supplier":[],"class_list":["post-11479","post","type-post","status-publish","format-standard","hentry","category-bio-based"],"_links":{"self":[{"href":"https:\/\/renewable-carbon.eu\/news\/wp-json\/wp\/v2\/posts\/11479","targetHints":{"allow":["GET"]}}],"collection":[{"href":"https:\/\/renewable-carbon.eu\/news\/wp-json\/wp\/v2\/posts"}],"about":[{"href":"https:\/\/renewable-carbon.eu\/news\/wp-json\/wp\/v2\/types\/post"}],"author":[{"embeddable":true,"href":"https:\/\/renewable-carbon.eu\/news\/wp-json\/wp\/v2\/users\/3"}],"replies":[{"embeddable":true,"href":"https:\/\/renewable-carbon.eu\/news\/wp-json\/wp\/v2\/comments?post=11479"}],"version-history":[{"count":0,"href":"https:\/\/renewable-carbon.eu\/news\/wp-json\/wp\/v2\/posts\/11479\/revisions"}],"wp:attachment":[{"href":"https:\/\/renewable-carbon.eu\/news\/wp-json\/wp\/v2\/media?parent=11479"}],"wp:term":[{"taxonomy":"category","embeddable":true,"href":"https:\/\/renewable-carbon.eu\/news\/wp-json\/wp\/v2\/categories?post=11479"},{"taxonomy":"post_tag","embeddable":true,"href":"https:\/\/renewable-carbon.eu\/news\/wp-json\/wp\/v2\/tags?post=11479"},{"taxonomy":"supplier","embeddable":true,"href":"https:\/\/renewable-carbon.eu\/news\/wp-json\/wp\/v2\/supplier?post=11479"}],"curies":[{"name":"wp","href":"https:\/\/api.w.org\/{rel}","templated":true}]}}