{"id":11438,"date":"2009-02-06T00:00:00","date_gmt":"2009-02-05T22:00:00","guid":{"rendered":"http:\/\/www.bio-based.eu\/news\/index.php?startid=20090206-02n"},"modified":"2009-02-06T00:00:00","modified_gmt":"2009-02-05T22:00:00","slug":"naturfasern-im-fokus-der-techtextil","status":"publish","type":"post","link":"https:\/\/renewable-carbon.eu\/news\/naturfasern-im-fokus-der-techtextil\/","title":{"rendered":"Naturfasern im Fokus der Techtextil"},"content":{"rendered":"<p><b>Die Messe Frankfurt veranstaltet im Rahmen der Techtextil, internationale Fachmesse f\u00fcr Technische Textilien und Vliesstoffe vom 16. bis 18. Juni 2009, die Naturfaser-Konferenz anl\u00e4sslich des Internationalen Jahres der Naturfasern. Ziel der Konferenz ist unter anderem, die Naturfasern st\u00e4rker mit den technischen Anwendungen in Verbindung zu bringen und dem Fachpublikum den Nutzen der Naturfaser f\u00fcr den Techtextil-Sektor deutlich zu machen. Wer sich mit einem Vortrag an der Naturfaser-Konferenz am 17. und 18. Juni 2009 beteiligen m\u00f6chte, ist herzlich dazu eingeladen. Der Einsendeschluss f\u00fcr die Vortr\u00e4ge ist der 27. Februar 2009.<\/b><\/p>\n<p>Im Fokus der Konferenz stehen die Funktionalit\u00e4t (function) von Naturfasern und die Gewinnung neuer Erkenntnisse \u00fcber deren innovativen Einsatz in Anwendungsgebieten wie etwa Mobilit\u00e4t (mobility) sowie Architektur und Bau (construction). Die Konferenz soll neue Impulse f\u00fcr den Anwendungsbereich der Naturfasern im technischen Bereich setzen. Zur Einreichung der Vortragsvorschl\u00e4ge ist eine Registrierung auf der Website: <a href=\"http:\/\/naturalfibres.abstract-management.de\/\" >naturalfibres.abstract-management.de\/<\/a> im Vorfeld notwendig. Die Vorschl\u00e4ge m\u00fcssen in englischer Sprache eingereicht werden.<\/p>\n<p>Technische Textilien k\u00f6nnen in allen Bereichen eingesetzt werden. Das Potenzial der Naturfasern in Kombination mit technischen Textilien \u00f6ffnet ganz neue Horizonte f\u00fcr diesen Markt. Das Zusammentreffen von Experten, die sich gemeinsam mit der Entwicklung neuer Produkte besch\u00e4ftigen, ist zentrales Anliegen der Konferenz. Drei Themen stehen dabei im Mittelpunkt:<\/p>\n<ul>\n<li>1. Anwendungen in der Konstruktion: Textilien, Vliesstoffe, textile Materialien und Technologien basierend auf Naturfasern f\u00fcr den Einsatz in Architektur, Bau, Ingenieurbau, Trends; Visionen<\/li>\n<li>2. Innovative Funktionen: Neue Textilien, Vliesstoffe, textile Materialien und Technologien basierend auf Naturfasern f\u00fcr den Einsatz in z.B.: Bekleidung, mit zus\u00e4tzlichen oder neuen Funktionen (innovative Bekleidungstextilien), Outdoor, Schutzbekleidung im medizinischen Bereich, Trends; Visionen<\/li>\n<li>3. Anwendungen in der Mobilit\u00e4t: Neue Textilien, Vliesstoffe, textile Materialien und Technologien basierend auf Naturfasern f\u00fcr den Einsatz in z.B.: der Automobilindustrie, Luftfahrt, Schiffsbau, Trends; Visionen<\/li>\n<\/ul>\n<p>Die Vortr\u00e4ge finden am 17. Juni nachmittags und am 18. Juni morgens und nachmittags im Kongress Center Messe Frankfurt statt.<\/p>\n","protected":false},"excerpt":{"rendered":"<p><b>Die Messe Frankfurt veranstaltet im Rahmen der Techtextil, internationale Fachmesse f&uuml;r Technische Textilien und Vliesstoffe vom 16. bis 18. Juni 2009, die Naturfaser-Konferenz anl&auml;sslich des<\/b><\/p>\n","protected":false},"author":3,"featured_media":0,"comment_status":"closed","ping_status":"closed","sticky":false,"template":"","format":"standard","meta":{"_seopress_robots_primary_cat":"","nova_meta_subtitle":"","footnotes":""},"categories":[5572],"tags":[],"supplier":[1012,1013],"class_list":["post-11438","post","type-post","status-publish","format-standard","hentry","category-bio-based","supplier-messe-frankfurt-gmbh","supplier-techtextil-frankfurt"],"_links":{"self":[{"href":"https:\/\/renewable-carbon.eu\/news\/wp-json\/wp\/v2\/posts\/11438","targetHints":{"allow":["GET"]}}],"collection":[{"href":"https:\/\/renewable-carbon.eu\/news\/wp-json\/wp\/v2\/posts"}],"about":[{"href":"https:\/\/renewable-carbon.eu\/news\/wp-json\/wp\/v2\/types\/post"}],"author":[{"embeddable":true,"href":"https:\/\/renewable-carbon.eu\/news\/wp-json\/wp\/v2\/users\/3"}],"replies":[{"embeddable":true,"href":"https:\/\/renewable-carbon.eu\/news\/wp-json\/wp\/v2\/comments?post=11438"}],"version-history":[{"count":0,"href":"https:\/\/renewable-carbon.eu\/news\/wp-json\/wp\/v2\/posts\/11438\/revisions"}],"wp:attachment":[{"href":"https:\/\/renewable-carbon.eu\/news\/wp-json\/wp\/v2\/media?parent=11438"}],"wp:term":[{"taxonomy":"category","embeddable":true,"href":"https:\/\/renewable-carbon.eu\/news\/wp-json\/wp\/v2\/categories?post=11438"},{"taxonomy":"post_tag","embeddable":true,"href":"https:\/\/renewable-carbon.eu\/news\/wp-json\/wp\/v2\/tags?post=11438"},{"taxonomy":"supplier","embeddable":true,"href":"https:\/\/renewable-carbon.eu\/news\/wp-json\/wp\/v2\/supplier?post=11438"}],"curies":[{"name":"wp","href":"https:\/\/api.w.org\/{rel}","templated":true}]}}