{"id":11400,"date":"2008-11-04T00:00:00","date_gmt":"2008-11-03T22:00:00","guid":{"rendered":"http:\/\/www.bio-based.eu\/news\/index.php?startid=20081104-02n"},"modified":"2008-11-04T00:00:00","modified_gmt":"2008-11-03T22:00:00","slug":"mischpellets-aus-reststoff-biomasse-als-brennmaterial","status":"publish","type":"post","link":"https:\/\/renewable-carbon.eu\/news\/mischpellets-aus-reststoff-biomasse-als-brennmaterial\/","title":{"rendered":"Mischpellets aus Reststoff-Biomasse als Brennmaterial"},"content":{"rendered":"<p><b>Die Pusch AG pr\u00e4sentiert auf dem C.A.R.M.E.N. Fachkongress am 7. November 2008 den agrarSTICK&reg; als Mischpellet und die regionale Brennstoffproduktion in der Landwirtschaft. Veranstaltet wird der Kongress von der bayerischen Koordinierungsstelle f\u00fcr Nachwachsende Rohstoffe.<\/b><\/p>\n<p><img SRC=\"https:\/\/renewable-carbon.eu\/news\/wp-content\/uploads\/news-images\/20081104-02\/263917-1.jpg\" align=\"right\" style=\"margin-left:10px;\" BORDER=\"0\" ALT=\"263917-1.jpg\"\/>Guido Pusch, Vorstandsvorsitzender der Pusch AG, informiert \u00fcber die Besonderheiten der Agrar-W\u00e4rme-Technik bei der Veredelung von Biomasse zu einem standardisierten Brennstoffpellet. &#8220;Mit dem agrarSTICK\u00ae-Konzept bef\u00e4higen wir Landwirte, aus regional anfallenden Reststoffen einen Brennstoff zur W\u00e4rmeerzeugung herzustellen. Unter Beimischung unseres einzigartigen Konzentrats k\u00f6nnen unterschiedlichste Reststoffe zu einem standardisierten Pellet verarbeitet werden, der bei der Verbrennung Kessel und Umwelt schont.&#8221;<\/p>\n<p>Indem die Pusch AG regional anfallende Reststoffe als Brennstoff nutzbar macht, erm\u00f6glicht sie der regionalen Wirtschaft die eigenst\u00e4ndige, dezentrale W\u00e4rmeversorgung. &#8220;Unser Motto lautet aus der Region f\u00fcr die Region&#8221;, erkl\u00e4rt Guido Pusch. Ein besonderer Aspekt ist, dass das Westerw\u00e4lder Bioenergie-Unternehmen ausschlie\u00dflich Reststoffe nutzt, die sich nicht als Nahrungs- oder Futtermittel eignen. Auch Reststoffe aus der Energieproduktion werden in den agrarSTICK\u00ae-Rezepturen weiterverarbeitet. &#8220;Wir reihen uns damit als weiteres Glied in die Versorgungskette ein&#8221; erl\u00e4utert Pusch und f\u00fchrt aus: &#8220;Selbst die Ascher\u00fcckst\u00e4nde des agrarSTICK&reg; k\u00f6nnen wir nutzen \u2013 sie eignen sich hervorragend als D\u00fcngemittel. Damit schlie\u00dfen wir den Kreislauf.&#8221;<\/p>\n","protected":false},"excerpt":{"rendered":"<p><b>Die Pusch AG pr&auml;sentiert auf dem C.A.R.M.E.N. Fachkongress am 7. November 2008 den agrarSTICK&reg; als Mischpellet und die regionale Brennstoffproduktion in der Landwirtschaft. Veranstaltet wird<\/b><\/p>\n","protected":false},"author":3,"featured_media":0,"comment_status":"closed","ping_status":"closed","sticky":false,"template":"","format":"standard","meta":{"_seopress_robots_primary_cat":"","nova_meta_subtitle":"","footnotes":""},"categories":[5572],"tags":[],"supplier":[9,816],"class_list":["post-11400","post","type-post","status-publish","format-standard","hentry","category-bio-based","supplier-carmen-ev","supplier-pusch-ag"],"_links":{"self":[{"href":"https:\/\/renewable-carbon.eu\/news\/wp-json\/wp\/v2\/posts\/11400","targetHints":{"allow":["GET"]}}],"collection":[{"href":"https:\/\/renewable-carbon.eu\/news\/wp-json\/wp\/v2\/posts"}],"about":[{"href":"https:\/\/renewable-carbon.eu\/news\/wp-json\/wp\/v2\/types\/post"}],"author":[{"embeddable":true,"href":"https:\/\/renewable-carbon.eu\/news\/wp-json\/wp\/v2\/users\/3"}],"replies":[{"embeddable":true,"href":"https:\/\/renewable-carbon.eu\/news\/wp-json\/wp\/v2\/comments?post=11400"}],"version-history":[{"count":0,"href":"https:\/\/renewable-carbon.eu\/news\/wp-json\/wp\/v2\/posts\/11400\/revisions"}],"wp:attachment":[{"href":"https:\/\/renewable-carbon.eu\/news\/wp-json\/wp\/v2\/media?parent=11400"}],"wp:term":[{"taxonomy":"category","embeddable":true,"href":"https:\/\/renewable-carbon.eu\/news\/wp-json\/wp\/v2\/categories?post=11400"},{"taxonomy":"post_tag","embeddable":true,"href":"https:\/\/renewable-carbon.eu\/news\/wp-json\/wp\/v2\/tags?post=11400"},{"taxonomy":"supplier","embeddable":true,"href":"https:\/\/renewable-carbon.eu\/news\/wp-json\/wp\/v2\/supplier?post=11400"}],"curies":[{"name":"wp","href":"https:\/\/api.w.org\/{rel}","templated":true}]}}