{"id":11340,"date":"2008-12-02T00:00:00","date_gmt":"2008-12-01T22:00:00","guid":{"rendered":"http:\/\/www.bio-based.eu\/news\/index.php?startid=20081202-03n"},"modified":"2008-12-02T00:00:00","modified_gmt":"2008-12-01T22:00:00","slug":"nova-buchbesprechung-holzrausch","status":"publish","type":"post","link":"https:\/\/renewable-carbon.eu\/news\/nova-buchbesprechung-holzrausch\/","title":{"rendered":"nova-Buchbesprechung: Holzrausch"},"content":{"rendered":"<p><b>In &#8220;Holzrausch&#8221; stellt der \u00f6kologisch ausgerichtete Revierf\u00f6rster Peter Wohlleben seine Sicht auf die Entwicklungen der letzten Jahre im Bereich &#8220;Biomasse&#8221; dar. <\/b><\/p>\n<p><img SRC=\"https:\/\/renewable-carbon.eu\/news\/wp-content\/uploads\/news-images\/20081202-03\/_wsb_209x295_CoverHoRa_klein.jpg\" align=\"right\" style=\"margin-left:10px;\" BORDER=\"0\" ALT=\"_wsb_209x295_CoverHoRa_klein.jpg\"\/>Ausgehend von einer Diskussion des Lebensraums Wald und seiner Nutzung bezieht der Forstingenieur recht pers\u00f6nlich Position gegen die starke Ausweitung der Nutzung von Forst- und Agrarrohstoffen zur Energieerzeugung. Der Druck auf die W\u00e4lder w\u00e4chst durch die zus\u00e4tzlichen Anforderungen, so der Autor, viele der in sie gesetzten Erwartungen k\u00f6nne die Bioenergienutzung nicht erf\u00fcllen.<\/p>\n<p><b>Verlagsvorstellung des Buches<\/b><br \/>Bioenergie boomt. Ob als Pellets, Biodiesel oder Biogas, die Nachfrage nach Energie aus Biomasse steigt und steigt. Nicht zuletzt des Klimas wegen, wird den sympathischen Energietr\u00e4gern doch eine ausgewogene \u00d6kobilanz nachgesagt. Und politische Zielvorgaben, F\u00f6rderprogramme sowie der steigende \u00d6lpreis heizen die gr\u00fcne Goldgr\u00e4berstimmung weiter an.<\/p>\n<p>Doch welche Folgen hat die Nachfrage nach Bioenergie f\u00fcr W\u00e4lder, Felder, Wiesen? Wie positiv ist die Klimabilanz wirklich und welche Auswirkungen sind f\u00fcr Artenvielfalt und Naturschutz zu bef\u00fcrchten? Tritt der Anbau von Energiepflanzen auf begrenzt vorhandenen Fl\u00e4chen nicht in unmittelbare Konkurrenz zur Nahrungsmittelproduktion? Bedeutet nicht jede Neugewinnung fruchtbarer B\u00f6den die Rodung von W\u00e4ldern, sei es am Amazonas, in Indonesien oder bei uns?<\/p>\n<p>Ausgehend vom Holzfeuertrend, der mit Kamin\u00f6fen und Pelletheizungen in unseren H\u00e4usern Einzug h\u00e4lt, schl\u00e4gt der F\u00f6rster und Autor Peter Wohlleben eine Schneise in das Dickicht von F\u00fcr und Wider der Bioenergie. Schon lange beobachtet er die Ver\u00e4nderungen, die die mitteleurop\u00e4ischen W\u00e4lder angesichts einer Branche im Holzrausch erleben. Und in Betracht des weltweiten Dilemmas von &#8220;Tank oder Teller?&#8221; stellt er sich der Frage, ob Energie aus Biomasse die in sie gesetzten Erwartungen \u00fcberhaupt erf\u00fcllen kann.<\/p>\n<p><b>Bibliographiche Angaben<\/b><br \/>Peter Wohhlleben: Holzrausch. adatia Verlag, 160 Seiten, 14,90\u20ac, ISBN 978-3-940461-03-2<\/p>\n","protected":false},"excerpt":{"rendered":"<p><b>In &#8220;Holzrausch&#8221; stellt der &ouml;kologisch ausgerichtete Revierf&ouml;rster Peter Wohlleben seine Sicht auf die Entwicklungen der letzten Jahre im Bereich &#8220;Biomasse&#8221; dar. <\/b><\/p>\n<p>Ausgehend von<\/p>\n","protected":false},"author":3,"featured_media":0,"comment_status":"closed","ping_status":"closed","sticky":false,"template":"","format":"standard","meta":{"_seopress_robots_primary_cat":"","nova_meta_subtitle":"","footnotes":""},"categories":[5572],"tags":[],"supplier":[],"class_list":["post-11340","post","type-post","status-publish","format-standard","hentry","category-bio-based"],"_links":{"self":[{"href":"https:\/\/renewable-carbon.eu\/news\/wp-json\/wp\/v2\/posts\/11340","targetHints":{"allow":["GET"]}}],"collection":[{"href":"https:\/\/renewable-carbon.eu\/news\/wp-json\/wp\/v2\/posts"}],"about":[{"href":"https:\/\/renewable-carbon.eu\/news\/wp-json\/wp\/v2\/types\/post"}],"author":[{"embeddable":true,"href":"https:\/\/renewable-carbon.eu\/news\/wp-json\/wp\/v2\/users\/3"}],"replies":[{"embeddable":true,"href":"https:\/\/renewable-carbon.eu\/news\/wp-json\/wp\/v2\/comments?post=11340"}],"version-history":[{"count":0,"href":"https:\/\/renewable-carbon.eu\/news\/wp-json\/wp\/v2\/posts\/11340\/revisions"}],"wp:attachment":[{"href":"https:\/\/renewable-carbon.eu\/news\/wp-json\/wp\/v2\/media?parent=11340"}],"wp:term":[{"taxonomy":"category","embeddable":true,"href":"https:\/\/renewable-carbon.eu\/news\/wp-json\/wp\/v2\/categories?post=11340"},{"taxonomy":"post_tag","embeddable":true,"href":"https:\/\/renewable-carbon.eu\/news\/wp-json\/wp\/v2\/tags?post=11340"},{"taxonomy":"supplier","embeddable":true,"href":"https:\/\/renewable-carbon.eu\/news\/wp-json\/wp\/v2\/supplier?post=11340"}],"curies":[{"name":"wp","href":"https:\/\/api.w.org\/{rel}","templated":true}]}}