{"id":11330,"date":"2008-12-08T00:00:00","date_gmt":"2008-12-07T22:00:00","guid":{"rendered":"http:\/\/www.bio-based.eu\/news\/index.php?startid=20081208-02n"},"modified":"2008-12-08T00:00:00","modified_gmt":"2008-12-07T22:00:00","slug":"wandkalender-wald-und-holz-2009","status":"publish","type":"post","link":"https:\/\/renewable-carbon.eu\/news\/wandkalender-wald-und-holz-2009\/","title":{"rendered":"Wandkalender Wald und Holz 2009"},"content":{"rendered":"<p><img SRC=\"https:\/\/renewable-carbon.eu\/news\/wp-content\/uploads\/news-images\/20081208-02\/9783871817212_xxl.jpg\" align=\"right\" style=\"margin-left:10px;\" BORDER=\"0\" ALT=\"9783871817212_xxl.jpg\"\/>Holz in der Landschaft &#8211; ob lebendig als Baum oder verarbeitet zu klassischen und ungew\u00f6hnlichen Bauten verarbeitet &#8211; bietet die 13 Motive dieses Wandkalenders f\u00fcr Freunde dieses Nachwachsenden Rohstoffs. Einige au\u00dfergew\u00f6hnliche Holzbauten \u2013 wie auf dem Titelbild \u2013 sind gelungene &#8220;Hingucker&#8221;, insgesamt sind Motivwahl und Druckqualit\u00e4t jedoch eher durchschnittlich. Kurze Informationen zu einzelnen Themen auf den R\u00fcckseiten der Kalenderbl\u00e4tter erg\u00e4nzen die Fotos.  <\/p>\n<p><b>Bibliographische Angaben<\/b><br \/>Wald und Holz 2009. 13 farbige Gro\u00dffotos, 29 x 42 cm, Spiralbind., 14,90 \u20ac ISBN 978-3-87181-721-2<\/p>\n","protected":false},"excerpt":{"rendered":"<p>Holz in der Landschaft &#8211; ob lebendig als Baum oder verarbeitet zu klassischen und ungew&ouml;hnlichen Bauten verarbeitet &#8211; bietet die 13 Motive dieses Wandkalenders f&uuml;r<\/p>\n","protected":false},"author":3,"featured_media":0,"comment_status":"closed","ping_status":"closed","sticky":false,"template":"","format":"standard","meta":{"_seopress_robots_primary_cat":"","nova_meta_subtitle":"","footnotes":""},"categories":[5572],"tags":[],"supplier":[],"class_list":["post-11330","post","type-post","status-publish","format-standard","hentry","category-bio-based"],"_links":{"self":[{"href":"https:\/\/renewable-carbon.eu\/news\/wp-json\/wp\/v2\/posts\/11330","targetHints":{"allow":["GET"]}}],"collection":[{"href":"https:\/\/renewable-carbon.eu\/news\/wp-json\/wp\/v2\/posts"}],"about":[{"href":"https:\/\/renewable-carbon.eu\/news\/wp-json\/wp\/v2\/types\/post"}],"author":[{"embeddable":true,"href":"https:\/\/renewable-carbon.eu\/news\/wp-json\/wp\/v2\/users\/3"}],"replies":[{"embeddable":true,"href":"https:\/\/renewable-carbon.eu\/news\/wp-json\/wp\/v2\/comments?post=11330"}],"version-history":[{"count":0,"href":"https:\/\/renewable-carbon.eu\/news\/wp-json\/wp\/v2\/posts\/11330\/revisions"}],"wp:attachment":[{"href":"https:\/\/renewable-carbon.eu\/news\/wp-json\/wp\/v2\/media?parent=11330"}],"wp:term":[{"taxonomy":"category","embeddable":true,"href":"https:\/\/renewable-carbon.eu\/news\/wp-json\/wp\/v2\/categories?post=11330"},{"taxonomy":"post_tag","embeddable":true,"href":"https:\/\/renewable-carbon.eu\/news\/wp-json\/wp\/v2\/tags?post=11330"},{"taxonomy":"supplier","embeddable":true,"href":"https:\/\/renewable-carbon.eu\/news\/wp-json\/wp\/v2\/supplier?post=11330"}],"curies":[{"name":"wp","href":"https:\/\/api.w.org\/{rel}","templated":true}]}}