{"id":11307,"date":"2008-09-18T00:00:00","date_gmt":"2008-09-17T22:00:00","guid":{"rendered":"http:\/\/www.bio-based.eu\/news\/index.php?startid=20080918-04n"},"modified":"2008-09-18T00:00:00","modified_gmt":"2008-09-17T22:00:00","slug":"oeko-surfboards-aus-biofoam-und-hanffasern","status":"publish","type":"post","link":"https:\/\/renewable-carbon.eu\/news\/oeko-surfboards-aus-biofoam-und-hanffasern\/","title":{"rendered":"\u00d6ko-Surfboards aus Biofoam und Hanffasern"},"content":{"rendered":"<p><b>In der Zeitschrift IN FOCUS berichten die Autoren \u00fcber startende Umdenkprozesse bei der Auswahl von Werkstoffen f\u00fcr den Bau von Wellenreitbrettern. Konventionell werden Wellenreitbretter aus einem Polyurethanschaum im Kern und einer H\u00fclle aus glasfasergewebeverst\u00e4rktem Polyesterharz hergestellt. Nachdem 2005 der wichtigste Schaumhersteller f\u00fcr Surfboards seinen Betrieb eingestellt hat, begann die Suche nach Alternativen. Mittlerweile sind Sch\u00e4ume f\u00fcr Surfboards auf dem Markt, deren Polyol-Komponente auf Soja\u00f6l basiert.<\/b><\/p>\n<p>Nach Herstellerangaben weist das &#8220;Biofoam&#8221;-Produkt 36% weniger CO<sub>2<\/sub>-Emission und einen ca. 60% reduzierten Verbrauch an nicht-regenerativer Energie auf. Ein anderer Schaumhersteller verwendet Polyol auf der Basis von Zucker. Die Firma Country Feeling Surfboards auf O\u00e1hu, Hawaii, hat eine Eco-Serie  entwickelt, in der nicht nur der &#8220;Biofoam&#8221; verwendet wird, sondern eine Lage Glasfasergewebe durch Naturfasergewebe aus Hanffasern ersetzt wird und dar\u00fcber hinaus ein Harzsystem verwendet wird, dass \u00fcber UV-Aktivierung vernetzt. Dadurch kann auf das konventionelle Polyesterharz mit den hohen Styrolanteilen verzichtet werden. Country Feeling Surfboards konnte dadurch die Styrol-Emission um 70% reduzieren.<\/p>\n<p>Jeff Bushman und Kyle Bernhardt wollen mit ihren Produkten ein Umdenken bewirken. Vor dem Hintergrund, dass ein Profi-Wellenreitsurfer w\u00e4hrend einer Wintersaison an der North Shore (Hawaii) bis zu zwei Dutzend Wellenreitbretter verbraucht, scheint dieser Ansatz sehr sinnvoll zu sein. Bushman und Bernardt hoffen, dass andere Surfboard-Hersteller mehr Biowerkstoffe einzusetzen, damit diese ihre CO<sub>2<\/sub>-Emissionen  nachhaltig reduzieren.<\/p>\n","protected":false},"excerpt":{"rendered":"<p><b>In der Zeitschrift IN FOCUS berichten die Autoren &uuml;ber startende Umdenkprozesse bei der Auswahl von Werkstoffen f&uuml;r den Bau von Wellenreitbrettern. Konventionell werden Wellenreitbretter aus<\/b><\/p>\n","protected":false},"author":3,"featured_media":0,"comment_status":"closed","ping_status":"closed","sticky":false,"template":"","format":"standard","meta":{"_seopress_robots_primary_cat":"","nova_meta_subtitle":"","footnotes":""},"categories":[5572],"tags":[],"supplier":[595,596],"class_list":["post-11307","post","type-post","status-publish","format-standard","hentry","category-bio-based","supplier-country-feeling-surfboards","supplier-in-focus-magazine"],"_links":{"self":[{"href":"https:\/\/renewable-carbon.eu\/news\/wp-json\/wp\/v2\/posts\/11307","targetHints":{"allow":["GET"]}}],"collection":[{"href":"https:\/\/renewable-carbon.eu\/news\/wp-json\/wp\/v2\/posts"}],"about":[{"href":"https:\/\/renewable-carbon.eu\/news\/wp-json\/wp\/v2\/types\/post"}],"author":[{"embeddable":true,"href":"https:\/\/renewable-carbon.eu\/news\/wp-json\/wp\/v2\/users\/3"}],"replies":[{"embeddable":true,"href":"https:\/\/renewable-carbon.eu\/news\/wp-json\/wp\/v2\/comments?post=11307"}],"version-history":[{"count":0,"href":"https:\/\/renewable-carbon.eu\/news\/wp-json\/wp\/v2\/posts\/11307\/revisions"}],"wp:attachment":[{"href":"https:\/\/renewable-carbon.eu\/news\/wp-json\/wp\/v2\/media?parent=11307"}],"wp:term":[{"taxonomy":"category","embeddable":true,"href":"https:\/\/renewable-carbon.eu\/news\/wp-json\/wp\/v2\/categories?post=11307"},{"taxonomy":"post_tag","embeddable":true,"href":"https:\/\/renewable-carbon.eu\/news\/wp-json\/wp\/v2\/tags?post=11307"},{"taxonomy":"supplier","embeddable":true,"href":"https:\/\/renewable-carbon.eu\/news\/wp-json\/wp\/v2\/supplier?post=11307"}],"curies":[{"name":"wp","href":"https:\/\/api.w.org\/{rel}","templated":true}]}}