{"id":10983,"date":"2008-05-27T00:00:00","date_gmt":"2008-05-26T22:00:00","guid":{"rendered":"http:\/\/www.bio-based.eu\/news\/index.php?startid=20080527-08n"},"modified":"2008-05-27T00:00:00","modified_gmt":"2008-05-26T22:00:00","slug":"zmp-preise-fuer-nadelschnittholz-auf-talfahrt","status":"publish","type":"post","link":"https:\/\/renewable-carbon.eu\/news\/zmp-preise-fuer-nadelschnittholz-auf-talfahrt\/","title":{"rendered":"ZMP: Preise f\u00fcr Nadelschnittholz auf Talfahrt"},"content":{"rendered":"<p><b>Nachdem die Preise f\u00fcr Nadelschnittholz im Jahr 2006 sprunghaft gestiegen waren, erreichten sie im Februar 2007 ihren H\u00f6hepunkt. Seitdem befinden sie sich auf Talfahrt.<\/b><\/p>\n<p><img SRC=\"https:\/\/renewable-carbon.eu\/news\/wp-content\/uploads\/news-images\/20080527-08\/2008_05_21_zmpmarktgrafik_321a_Holzhalbwaren_Erzeugerpreise.jpg\" align=\"right\" style=\"margin-left:10px;\" BORDER=\"0\" ALT=\"2008_05_21_zmpmarktgrafik_321a_Holzhalbwaren_Erzeugerpreise.jpg\"\/>Der Orkan Kyrill verursachte im Januar 2007 deutschlandweit einen Sturmholzanfall von rund 37 Millionen Festmetern. Der S\u00e4geindustrie stand somit reichlich Rohstoff zur Verf\u00fcgung. Ein deutlich erh\u00f6htes Schnittholzangebot in Verbindung mit einer stark r\u00fcckl\u00e4ufigen Auslandsnachfrage bewirkte einen stetigen Preisr\u00fcckgang, der auch zu Beginn 2008 nicht gestoppt werden konnte.<\/p>\n<p>Die Preise f\u00fcr Laubschnittholz blieben durch die Fr\u00fchjahrsst\u00fcrme 2007 und 2008 nahezu unbeeinflusst und tendierten zuletzt weiter konstant. Im Vergleich zum Vorjahr errechnet sich ein Anstieg um gut 2 Prozent auf einen Stand von 98,2 Punkten.<\/p>\n<p>Der Index f\u00fcr Holzspanplatten tendierte seit der Jahresmitte 2007 nur geringf\u00fcgig schw\u00e4cher. Mit 125,1 Punkten wurde der Vorjahreswert im M\u00e4rz 2008 um gut 1 Prozent \u00fcberschritten.<\/p>\n<p>(Vgl. Meldungen vom <a href=\"https:\/\/renewable-carbon.eu\/news\/deutschland-produziert-das-meiste-nadelschnittholz\/\" >2007-12-07<\/a> und <a href=\"https:\/\/renewable-carbon.eu\/news\/schnittholzexporte-auf-rekordniveau\/\" >2007-06-04<\/a>.)<\/p>\n","protected":false},"excerpt":{"rendered":"<p><b>Nachdem die Preise f&uuml;r Nadelschnittholz im Jahr 2006 sprunghaft gestiegen waren, erreichten sie im Februar 2007 ihren H&ouml;hepunkt. Seitdem befinden sie sich auf Talfahrt.<\/b><\/p>\n","protected":false},"author":3,"featured_media":0,"comment_status":"closed","ping_status":"closed","sticky":false,"template":"","format":"standard","meta":{"_seopress_robots_primary_cat":"","nova_meta_subtitle":"","footnotes":""},"categories":[5572],"tags":[],"supplier":[],"class_list":["post-10983","post","type-post","status-publish","format-standard","hentry","category-bio-based"],"_links":{"self":[{"href":"https:\/\/renewable-carbon.eu\/news\/wp-json\/wp\/v2\/posts\/10983","targetHints":{"allow":["GET"]}}],"collection":[{"href":"https:\/\/renewable-carbon.eu\/news\/wp-json\/wp\/v2\/posts"}],"about":[{"href":"https:\/\/renewable-carbon.eu\/news\/wp-json\/wp\/v2\/types\/post"}],"author":[{"embeddable":true,"href":"https:\/\/renewable-carbon.eu\/news\/wp-json\/wp\/v2\/users\/3"}],"replies":[{"embeddable":true,"href":"https:\/\/renewable-carbon.eu\/news\/wp-json\/wp\/v2\/comments?post=10983"}],"version-history":[{"count":0,"href":"https:\/\/renewable-carbon.eu\/news\/wp-json\/wp\/v2\/posts\/10983\/revisions"}],"wp:attachment":[{"href":"https:\/\/renewable-carbon.eu\/news\/wp-json\/wp\/v2\/media?parent=10983"}],"wp:term":[{"taxonomy":"category","embeddable":true,"href":"https:\/\/renewable-carbon.eu\/news\/wp-json\/wp\/v2\/categories?post=10983"},{"taxonomy":"post_tag","embeddable":true,"href":"https:\/\/renewable-carbon.eu\/news\/wp-json\/wp\/v2\/tags?post=10983"},{"taxonomy":"supplier","embeddable":true,"href":"https:\/\/renewable-carbon.eu\/news\/wp-json\/wp\/v2\/supplier?post=10983"}],"curies":[{"name":"wp","href":"https:\/\/api.w.org\/{rel}","templated":true}]}}