{"id":10979,"date":"2008-05-28T00:00:00","date_gmt":"2008-05-27T22:00:00","guid":{"rendered":"http:\/\/www.bio-based.eu\/news\/index.php?startid=20080528-03n"},"modified":"2008-05-28T00:00:00","modified_gmt":"2008-05-27T22:00:00","slug":"aussaatflaechen-2008-mehr-getreide-weniger-raps","status":"publish","type":"post","link":"https:\/\/renewable-carbon.eu\/news\/aussaatflaechen-2008-mehr-getreide-weniger-raps\/","title":{"rendered":"Aussaatfl\u00e4chen 2008: Mehr Getreide, weniger Raps"},"content":{"rendered":"<p><b>Zur Ernte 2008 haben die Landwirte in Deutschland wieder auf mehr Fl\u00e4chen Getreide angebaut als im Vorjahr. Wie das Statistische Bundesamt (<a href=\"http:\/\/www.destatis.de\/\" >Destatis<\/a>) nach Ergebnissen der Erhebung \u00fcber die Fr\u00fchjahrsaussaaten vom April 2008 mitteilt, ist der Anbau von Raps dagegen r\u00fcckl\u00e4ufig. Anbaust\u00e4rkste Getreideart ist weiterhin der Winterweizen. Seine Anbaufl\u00e4che nahm im Vergleich zu den Ergebnissen der Bodennutzungshaupterhebung 2007 bundesweit um durchschnittlich 7% zu und erreicht nun mit \u00fcber 3,1 Millionen Hektar einen neuen H\u00f6chststand. Wie schon im letzten Jahr, haben die Landwirte den Anbau von Roggen weiter ausgedehnt (+ 12% gegen\u00fcber Vorjahr). Die Roggenfl\u00e4che erreicht mit 749.000 Hektar die gr\u00f6\u00dfte Fl\u00e4chenausdehnung seit dem Jahr 2001.<\/b><\/p>\n<p>Insbesondere die beiden Sommergetreidearten Sommergerste und Sommerweizen werden h\u00e4ufig in Jahren nach einer schwierigen Herbstbestellung ausges\u00e4t. Ihre Anbaufl\u00e4chen schwanken daher abh\u00e4ngig von den Witterungsverh\u00e4ltnissen von Jahr zu Jahr. Sie wurden im Jahr 2007 auf einer Fl\u00e4che von 493.000 Hektar beziehungsweise 37.000 Hektar angebaut. Die Aussaatfl\u00e4che von Sommergerste, die h\u00e4ufig auch als Braugerste verwendet wird, nahm 2008 um 10% wieder auf 540.000 Hektar zu. Die Fl\u00e4che von Sommerweizen (einschlie\u00dflich Hartweizen) legte prozentual gesehen von allen wichtigen Feldfr\u00fcchten am deutlichsten zu (+ 44%) und erreicht mit 53.000 Hektar in etwa wieder den Stand des Jahres 2005. Die K\u00f6rnermaisfl\u00e4che (einschlie\u00dflich der Fl\u00e4che f\u00fcr Corn-Cob-Mix) stieg um 19% und wird damit auf 480.000 Hektar angebaut.<\/p>\n<p>Im Gegensatz dazu hat sich der Anbau von Winterraps gegen\u00fcber dem Vorjahr um 130.000 Hektar (- 8,5%) verringert. Seine Aussaat erfolgte auf einer Fl\u00e4che von 1,4 Millionen Hektar. Daf\u00fcr d\u00fcrften unter anderem die schwierigen Aussaatbedingungen im feuchten Sp\u00e4tsommer\/Herbst 2007 eine Rolle gespielt haben.<\/p>\n<p>(Vgl. Meldungen vom <a href=\"https:\/\/renewable-carbon.eu\/news\/weizen-weltweit-mehr-flaeche-und-chance-auf-rekordernte\/\" >2008-02-15<\/a>, <a href=\"https:\/\/renewable-carbon.eu\/news\/enttaeuschende-ernte-bei-raps-und-getreide\/\" >2007-08-21<\/a> und <a href=\"https:\/\/renewable-carbon.eu\/news\/rapsanbau-geht-2008-deutlich-zurueck\/\" >2007-11-26<\/a>.)<\/p>\n","protected":false},"excerpt":{"rendered":"<p><b>Zur Ernte 2008 haben die Landwirte in Deutschland wieder auf mehr Fl&auml;chen Getreide angebaut als im Vorjahr. Wie das Statistische Bundesamt (Destatis) nach Ergebnissen der<\/b><\/p>\n","protected":false},"author":3,"featured_media":0,"comment_status":"closed","ping_status":"closed","sticky":false,"template":"","format":"standard","meta":{"_seopress_robots_primary_cat":"","nova_meta_subtitle":"","footnotes":""},"categories":[5572],"tags":[],"supplier":[],"class_list":["post-10979","post","type-post","status-publish","format-standard","hentry","category-bio-based"],"_links":{"self":[{"href":"https:\/\/renewable-carbon.eu\/news\/wp-json\/wp\/v2\/posts\/10979","targetHints":{"allow":["GET"]}}],"collection":[{"href":"https:\/\/renewable-carbon.eu\/news\/wp-json\/wp\/v2\/posts"}],"about":[{"href":"https:\/\/renewable-carbon.eu\/news\/wp-json\/wp\/v2\/types\/post"}],"author":[{"embeddable":true,"href":"https:\/\/renewable-carbon.eu\/news\/wp-json\/wp\/v2\/users\/3"}],"replies":[{"embeddable":true,"href":"https:\/\/renewable-carbon.eu\/news\/wp-json\/wp\/v2\/comments?post=10979"}],"version-history":[{"count":0,"href":"https:\/\/renewable-carbon.eu\/news\/wp-json\/wp\/v2\/posts\/10979\/revisions"}],"wp:attachment":[{"href":"https:\/\/renewable-carbon.eu\/news\/wp-json\/wp\/v2\/media?parent=10979"}],"wp:term":[{"taxonomy":"category","embeddable":true,"href":"https:\/\/renewable-carbon.eu\/news\/wp-json\/wp\/v2\/categories?post=10979"},{"taxonomy":"post_tag","embeddable":true,"href":"https:\/\/renewable-carbon.eu\/news\/wp-json\/wp\/v2\/tags?post=10979"},{"taxonomy":"supplier","embeddable":true,"href":"https:\/\/renewable-carbon.eu\/news\/wp-json\/wp\/v2\/supplier?post=10979"}],"curies":[{"name":"wp","href":"https:\/\/api.w.org\/{rel}","templated":true}]}}