{"id":10978,"date":"2008-05-28T00:00:00","date_gmt":"2008-05-27T22:00:00","guid":{"rendered":"http:\/\/www.bio-based.eu\/news\/index.php?startid=20080528-04n"},"modified":"2008-05-28T00:00:00","modified_gmt":"2008-05-27T22:00:00","slug":"zmp-agrarmaerkte-in-zahlen-europaeische-union-2008","status":"publish","type":"post","link":"https:\/\/renewable-carbon.eu\/news\/zmp-agrarmaerkte-in-zahlen-europaeische-union-2008\/","title":{"rendered":"ZMP: Agrarm\u00e4rkte in Zahlen &#8211; Europ\u00e4ische Union 2008"},"content":{"rendered":"<p><b>Die diesj\u00e4hrige Ausgabe der Ver\u00f6ffentlichung &#8220;Agrarm\u00e4rkte in Zahlen &#8211; Europ\u00e4ische Union&#8221; der <a href=\"http:\/\/www.zmp.de\/\" >ZMP<\/a> wendet sich an alle, die zuverl\u00e4ssige und umfassende Informationen \u00fcber die Entwicklung an den Agrarm\u00e4rkten der EU-L\u00e4nder ben\u00f6tigen.<\/b><\/p>\n<p><img SRC=\"https:\/\/renewable-carbon.eu\/news\/wp-content\/uploads\/news-images\/20080528-04\/7011208.gif\" align=\"right\" style=\"margin-left:10px;\" BORDER=\"0\" ALT=\"7011208.gif\"\/>Tabellen in Verbindung mit zahlreichen Infografiken und Kommentaren geben Ihnen einen schnellen \u00dcberblick \u00fcber alle wichtigen Daten zur Land-, Forst- und Ern\u00e4hrungswirtschaft in den 27 L\u00e4ndern der Europ\u00e4ischen Union bis 2007.<\/p>\n<p>Zu finden sind Zahlen und Fakten \u00fcber Produktion, Au\u00dfenhandel, Verbrauch, Preise, -Fl\u00e4chen, Erntemengen und Ertr\u00e4ge aus fast allen Bereichen des Agrarmarktes: Vieh und Fleisch, Eier, Gefl\u00fcgel, Milch, Getreide, \u00d6lsaaten, Futtermittel, Kartoffeln, Zucker, Obst, Gem\u00fcse sowie Forst und Holz. Auch der \u00d6ko-Landbau in der EU wird gesondert behandelt. Wichtige Kennzahlen liefern die \u00dcbersichten zur Preisentwicklung, zu Betriebsmitteln und zum -Au\u00dfenhandel.<\/p>\n<p>Erg\u00e4nzt wird dieses Buch durch volkswirtschaftliche Rahmendaten, Hinweise auf Besonderheiten des Marktes und Beschreibungen der k\u00fcnftigen Entwicklung.<\/p>\n<p>Die Agrarm\u00e4rkte in Zahlen \u2013 Europ\u00e4ische Union sind auch als CD-Buch erh\u00e4ltlich, mit Excel-Tabellen zum Herunterladen f\u00fcr Pr\u00e4sentationen und eigene Auswertungen. <\/p>\n<p>Das Inhaltsverzeichnis und eine Leseprobe k\u00f6nnen <a href=\"http:\/\/www.zmp.de\/shop\/inhaltsverzeichnis\/aiz_EU.pdf\" >hier<\/a> heruntergeladen werden.<\/p>\n<p><b>Produktdetails<\/b><br \/>AiZ Europ\u00e4ische Union 2008. 208 Seiten mit Tabellen und Grafiken. <\/p>\n<ul>\n<li>Buch &#038; CD-ROM: ISBN 978-3-86720-042-4, 58,74 EUR<\/li>\n<li>Nur Buch: ISBN 978-3-86720-040-0, 42,69 EUR<\/li>\n<li>Nur CD-ROM: ISBN 978-3-86720-041-7, 47,48  EUR<\/li>\n<\/ul>\n<p>Online zu bestellen unter <a href=\"http:\/\/www.zmp.de\/shop\/aiz\/aiz_eu.asp\" >www.zmp.de<\/a>; alle Preise inkl. MwSt. und Versand in Deutschland.<\/p>\n<p><b>Vertrieb<\/b><br \/><a href=\"http:\/\/www.zmp.de\/\" >ZMP Zentrale Markt- und Preisberichtstelle GmbH<\/a><br \/>Postfach 25 69<br \/>53015 Bonn<br \/>Tel.: 0228-97 77-173<br \/>Fax: 0228-97 77-179<br \/>E-Mail: <a href=\"mailto:service@zmp.de\">service@zmp.de<\/a><\/p>\n<p>(Vgl. Meldung vom <a href=\"https:\/\/renewable-carbon.eu\/news\/eu-ausblick-auf-weltagrarmaerkte-veroeffentlicht\/\" >2007-05-24<\/a>.)<\/p>\n","protected":false},"excerpt":{"rendered":"<p><b>Die diesj&auml;hrige Ausgabe der Ver&ouml;ffentlichung &#8220;Agrarm&auml;rkte in Zahlen &#8211; Europ&auml;ische Union&#8221; der ZMP wendet sich an alle, die zuverl&auml;ssige und umfassende Informationen &uuml;ber die Entwicklung<\/b><\/p>\n","protected":false},"author":3,"featured_media":0,"comment_status":"closed","ping_status":"closed","sticky":false,"template":"","format":"standard","meta":{"_seopress_robots_primary_cat":"","nova_meta_subtitle":"","footnotes":""},"categories":[5572],"tags":[],"supplier":[],"class_list":["post-10978","post","type-post","status-publish","format-standard","hentry","category-bio-based"],"_links":{"self":[{"href":"https:\/\/renewable-carbon.eu\/news\/wp-json\/wp\/v2\/posts\/10978","targetHints":{"allow":["GET"]}}],"collection":[{"href":"https:\/\/renewable-carbon.eu\/news\/wp-json\/wp\/v2\/posts"}],"about":[{"href":"https:\/\/renewable-carbon.eu\/news\/wp-json\/wp\/v2\/types\/post"}],"author":[{"embeddable":true,"href":"https:\/\/renewable-carbon.eu\/news\/wp-json\/wp\/v2\/users\/3"}],"replies":[{"embeddable":true,"href":"https:\/\/renewable-carbon.eu\/news\/wp-json\/wp\/v2\/comments?post=10978"}],"version-history":[{"count":0,"href":"https:\/\/renewable-carbon.eu\/news\/wp-json\/wp\/v2\/posts\/10978\/revisions"}],"wp:attachment":[{"href":"https:\/\/renewable-carbon.eu\/news\/wp-json\/wp\/v2\/media?parent=10978"}],"wp:term":[{"taxonomy":"category","embeddable":true,"href":"https:\/\/renewable-carbon.eu\/news\/wp-json\/wp\/v2\/categories?post=10978"},{"taxonomy":"post_tag","embeddable":true,"href":"https:\/\/renewable-carbon.eu\/news\/wp-json\/wp\/v2\/tags?post=10978"},{"taxonomy":"supplier","embeddable":true,"href":"https:\/\/renewable-carbon.eu\/news\/wp-json\/wp\/v2\/supplier?post=10978"}],"curies":[{"name":"wp","href":"https:\/\/api.w.org\/{rel}","templated":true}]}}