{"id":10972,"date":"2008-05-30T00:00:00","date_gmt":"2008-05-29T22:00:00","guid":{"rendered":"http:\/\/www.bio-based.eu\/news\/index.php?startid=20080530-03n"},"modified":"2008-05-30T00:00:00","modified_gmt":"2008-05-29T22:00:00","slug":"arbeitskreis-naturfaser-nachwachsender-high-tech-werkstoff","status":"publish","type":"post","link":"https:\/\/renewable-carbon.eu\/news\/arbeitskreis-naturfaser-nachwachsender-high-tech-werkstoff\/","title":{"rendered":"Arbeitskreis Naturfaser: &#8220;Nachwachsender High-Tech-Werkstoff&#8221;"},"content":{"rendered":"<p><b>Die Landesinitiative &#8220;Nano- und Materialinnovationen Niedersachsen&#8221; (<a href=\"http:\/\/www.nmn-ev.de\/\" >NMN<\/a> e.V.) und das Kompetenznetzwerk f\u00fcr Faserinnovationen &#8220;Fiber International Bremen&#8221; (<a href=\"http:\/\/www.fib-bremen.de\/\" >FIB<\/a> e.V.) haben sich zum Ziel gesetzt, p\u00fcnktlich zum UN-Jahr der Naturfasern 2009 erste gemeinsame Kooperationsprojekte zu starten.<\/b><\/p>\n<p><img SRC=\"https:\/\/renewable-carbon.eu\/news\/wp-content\/uploads\/news-images\/20080530-03\/AK_NF.jpg\" align=\"left\" style=\"margin-right:10px;\" BORDER=\"0\" ALT=\"AK_NF.jpg\"\/>Gastgeber des erfolgreichen Kick-offs war das Fraunhofer-Institut f\u00fcr Fertigungstechnik und Angewandte Materialforschung (<a href=\"http:\/\/www.ifam.fraunhofer.de\/\" >IFAM<\/a>). Impulsvortr\u00e4ge aus Industrie und Wissenschaft zeigten aktuelle Technologietrends auf und skizzierten Schnittstellen f\u00fcr gemeinsame Entwicklungsprojekte. <\/p>\n<p>Das enorme Marktpotenzial von Naturfasern wurde in den Vortr\u00e4gen der <a href=\"http:\/\/www.alstom.de\/\" >ALSTOM<\/a> LHB GmbH und <a href=\"http:\/\/www.reimer-modelltechnik.de\/\" >Reimer Modelltechnik<\/a> GmbH deutlich. Hierbei zeigten die Referenten, Herr Wendt und Herr Reimer, auch den aktuellen Entwicklungsbedarf und H\u00fcrden beim Einsatz von Naturfasern auf. Anschlie\u00dfend pr\u00e4sentierten Frau Dr. Schirp vom Fraunhofer Wilhelm-Klauditz-Institut (<a href=\"http:\/\/www.wki.fraunhofer.de\/\" >WKI<\/a>), Herr Dr. Steuernagel vom Institut f\u00fcr Polymerwerkstoffe und Kunststofftechnik (<a href=\"http:\/\/www.puk.tu-clausthal.de\/\" >PuK<\/a>) der TU Clausthal und Frau Dr. Lohmeyer vom <a href=\"http:\/\/www.faserinstitut.de\/\" >Faserinstitut Bremen<\/a> ihre Technologiekompetenzen im Bereich Naturfasern.<\/p>\n<p>Ein Ziel des Arbeitskreises Naturfasern ist die Initiierung gemeinsamer Kooperationsprojekte auf Basis des aktuellen Marktbedarfs. Dabei liegt ein wesentliches Merkmal dieser Veranstaltung in der systematischen Weiterentwicklung von Kooperationsideen im Nachgang zum Arbeitskreistreffen. So wurden von den Teilnehmern im Rahmen einer offenen Diskussion u.a folgende Themen f\u00fcr m\u00f6gliche Kooperationsprojekte identifiziert: Brandschutzausr\u00fcstung von Naturfasern, Quell- und Schwundeigenschaften von Naturfasern oder Recycling von Naturfaser-Verbundwerkstoffen. <\/p>\n<p>Aktuell koordinieren die Vereine NMN und FIB kleinere Projektteams, die diese und weitere Themenfelder in gemeinsamen Kooperationsprojekten bearbeiten sollen. Im Rahmen der nun halbj\u00e4hrlich stattfindenden Arbeitskreistreffens wird \u00fcber den jeweiligen Status der Projektarbeit berichtet.<\/p>\n<p><b>Kontakt<\/b><br \/><a href=\"http:\/\/www.fib-bremen.de\/\" >Fiber International Bremen e.V.<\/a><br \/>c\/o Faserinstitut Bremen e.V.<br \/>Dr. Guido Wei\u00dfmann<br \/>Am Biologischen Garten 2<br \/>28359 Bremen<br \/>Tel.: 0551-496 01<br \/>E-Mail: <a href=\"mailto:info@fib-bremen.de\">info@fib-bremen.de<\/a><\/p>\n<p><a href=\"http:\/\/www.nmn-ev.de\/\" >Nano- und Materialinnovationen Niedersachsen e.V.<\/a><br \/>c\/o Sperlich Consulting GmbH<br \/>Anja Eppert<br \/>Postfach 200 234<br \/>37087 G\u00f6ttingen<br \/>Tel.: 0551-496 07-0<br \/>E-Mail: <a href=\"mailto:mail@nmn-ev.de\">mail@nmn-ev.de<\/a><\/p>\n<p>(Vgl. Meldung vom <a href=\"https:\/\/renewable-carbon.eu\/news\/produktkatalog-erschienen-naturfaser-spritzguss-bereit-zum-einsatz-in-ihrem-unternehmen\/\" >2007-10-15<\/a>.)<\/p>\n","protected":false},"excerpt":{"rendered":"<p><b>Die Landesinitiative &#8220;Nano- und Materialinnovationen Niedersachsen&#8221; (NMN e.V.) und das Kompetenznetzwerk f&uuml;r Faserinnovationen &#8220;Fiber International Bremen&#8221; (FIB e.V.) haben sich zum Ziel gesetzt, p&uuml;nktlich zum<\/b><\/p>\n","protected":false},"author":3,"featured_media":0,"comment_status":"closed","ping_status":"closed","sticky":false,"template":"","format":"standard","meta":{"_seopress_robots_primary_cat":"","nova_meta_subtitle":"","footnotes":""},"categories":[5572],"tags":[],"supplier":[],"class_list":["post-10972","post","type-post","status-publish","format-standard","hentry","category-bio-based"],"_links":{"self":[{"href":"https:\/\/renewable-carbon.eu\/news\/wp-json\/wp\/v2\/posts\/10972","targetHints":{"allow":["GET"]}}],"collection":[{"href":"https:\/\/renewable-carbon.eu\/news\/wp-json\/wp\/v2\/posts"}],"about":[{"href":"https:\/\/renewable-carbon.eu\/news\/wp-json\/wp\/v2\/types\/post"}],"author":[{"embeddable":true,"href":"https:\/\/renewable-carbon.eu\/news\/wp-json\/wp\/v2\/users\/3"}],"replies":[{"embeddable":true,"href":"https:\/\/renewable-carbon.eu\/news\/wp-json\/wp\/v2\/comments?post=10972"}],"version-history":[{"count":0,"href":"https:\/\/renewable-carbon.eu\/news\/wp-json\/wp\/v2\/posts\/10972\/revisions"}],"wp:attachment":[{"href":"https:\/\/renewable-carbon.eu\/news\/wp-json\/wp\/v2\/media?parent=10972"}],"wp:term":[{"taxonomy":"category","embeddable":true,"href":"https:\/\/renewable-carbon.eu\/news\/wp-json\/wp\/v2\/categories?post=10972"},{"taxonomy":"post_tag","embeddable":true,"href":"https:\/\/renewable-carbon.eu\/news\/wp-json\/wp\/v2\/tags?post=10972"},{"taxonomy":"supplier","embeddable":true,"href":"https:\/\/renewable-carbon.eu\/news\/wp-json\/wp\/v2\/supplier?post=10972"}],"curies":[{"name":"wp","href":"https:\/\/api.w.org\/{rel}","templated":true}]}}