{"id":10960,"date":"2008-06-03T00:00:00","date_gmt":"2008-06-02T22:00:00","guid":{"rendered":"http:\/\/www.bio-based.eu\/news\/index.php?startid=20080602-05n"},"modified":"2008-06-03T00:00:00","modified_gmt":"2008-06-02T22:00:00","slug":"10-jahre-tencel-bettdecken-von-hefel","status":"publish","type":"post","link":"https:\/\/renewable-carbon.eu\/news\/10-jahre-tencel-bettdecken-von-hefel\/","title":{"rendered":"10 Jahre Tencel-Bettdecken von Hefel"},"content":{"rendered":"<p><b>Seit genau zehn Jahren steht die Bettdecke KlimaControl als Synonym f\u00fcr Nat\u00fcrlichkeit dank \u00f6kologischer Rohstoffe, f\u00fcr umweltschonende Fertigung dank Vormaterialienbeschaffung sowie f\u00fcr beispielhaften Komfort dank ihrer feuchtigkeits- und temperaturausgleichenden Funktion. Sie war die erste &#8220;Bettdecke aus Holz&#8221; und wurde von <a href=\"http:\/\/www.hefel.com\/\" >Hefel Textil<\/a> 1998 weltweit exklusiv auf den Markt gebracht.<\/b><\/p>\n<p>&#8220;Und wir sind nach wie vor die einzige Bettwarenmanufaktur weltweit, die ihre Steppdecken vollumf\u00e4nglich \u2013 vom Gewebe \u00fcber die F\u00fcllung bis zur Endkonfektion \u2013 selbst produziert. Das ist unser Beitrag zur immer lauter erhobenen Forderung nach Klimavertr\u00e4glichkeit, Nachhaltigkeit, Minimierung von CO<sub>2<\/sub>-Ausst\u00f6\u00dfen,&#8221; so Firmenvorstand Dr. Dietmar Hefel. Die bei KlimaControl eingesetzte Tencel-Faser aus Holz wurde von <a href=\"http:\/\/www.lenzing.com\/\" >Lenzing<\/a> entwickelt, Hefel konzipierte die mechanischen Verfahren, um daraus Bettdeckenf\u00fcllung und -gewebe zu verarbeiten. Im gro\u00dfen Steppdecken-Programm von Hefel ist die KlimaControl heute eines der Top-3-Produkte \u2013 mit ihr wird ein Zehntel des Steppdeckenumsatzes bestritten und ein Exportanteil von 60 Prozent erzielt.<\/p>\n<p>Wie der Firmenchef darstellt, war Hefel bereits 1992 mit der &#8220;natura line&#8221; in eine Vorreiterrolle geschl\u00fcpft \u2013 sie verk\u00f6rperte das erste Gewebe ohne Bleichung und F\u00e4rbung. Nur vier Jahre sp\u00e4ter hatten die als Branchen-Trendsetter geltenden Schwarzacher Bettwarenhersteller mit OrganicCotton \u2013 Baumwolle aus kontrolliert biologischem Anbau \u2013 f\u00fcr eine weitere Premiere gesorgt. Die bei der KlimaControl verwendete Tencel-Faser wurde mit dem &#8220;European Eco Label&#8221; f\u00fcr umweltfreundliche Produkte ebenso ausgezeichnet wie dem &#8220;PEFC&#8221; f\u00fcr nachhaltige Waldbewirtschaftung.<\/p>\n<p>Hefel Textil hat heute einen Umsatz von etwa 13 Mill. Euro. Der Exportanteil liegt bei 50 Prozent quer \u00fcber Sortimente, wobei die Schwerpunkte \u00d6sterreich, die Schweiz, Italien, Deutschland und Russland sind. Insgesamt wird  in \u00fcber 40 L\u00e4nder von USA bis Dubai exportiert.<\/p>\n<p>(Vgl. Meldung vom <a href=\"https:\/\/renewable-carbon.eu\/news\/lenzing-kompostierbarkeit-von-cellulosefasern-zertifiziert\/\" >2008-04-16<\/a>.)<\/p>\n","protected":false},"excerpt":{"rendered":"<p><b>Seit genau zehn Jahren steht die Bettdecke KlimaControl als Synonym f&uuml;r Nat&uuml;rlichkeit dank &ouml;kologischer Rohstoffe, f&uuml;r umweltschonende Fertigung dank Vormaterialienbeschaffung sowie f&uuml;r beispielhaften Komfort dank<\/b><\/p>\n","protected":false},"author":3,"featured_media":0,"comment_status":"closed","ping_status":"closed","sticky":false,"template":"","format":"standard","meta":{"_seopress_robots_primary_cat":"","nova_meta_subtitle":"","footnotes":""},"categories":[5572],"tags":[],"supplier":[],"class_list":["post-10960","post","type-post","status-publish","format-standard","hentry","category-bio-based"],"_links":{"self":[{"href":"https:\/\/renewable-carbon.eu\/news\/wp-json\/wp\/v2\/posts\/10960","targetHints":{"allow":["GET"]}}],"collection":[{"href":"https:\/\/renewable-carbon.eu\/news\/wp-json\/wp\/v2\/posts"}],"about":[{"href":"https:\/\/renewable-carbon.eu\/news\/wp-json\/wp\/v2\/types\/post"}],"author":[{"embeddable":true,"href":"https:\/\/renewable-carbon.eu\/news\/wp-json\/wp\/v2\/users\/3"}],"replies":[{"embeddable":true,"href":"https:\/\/renewable-carbon.eu\/news\/wp-json\/wp\/v2\/comments?post=10960"}],"version-history":[{"count":0,"href":"https:\/\/renewable-carbon.eu\/news\/wp-json\/wp\/v2\/posts\/10960\/revisions"}],"wp:attachment":[{"href":"https:\/\/renewable-carbon.eu\/news\/wp-json\/wp\/v2\/media?parent=10960"}],"wp:term":[{"taxonomy":"category","embeddable":true,"href":"https:\/\/renewable-carbon.eu\/news\/wp-json\/wp\/v2\/categories?post=10960"},{"taxonomy":"post_tag","embeddable":true,"href":"https:\/\/renewable-carbon.eu\/news\/wp-json\/wp\/v2\/tags?post=10960"},{"taxonomy":"supplier","embeddable":true,"href":"https:\/\/renewable-carbon.eu\/news\/wp-json\/wp\/v2\/supplier?post=10960"}],"curies":[{"name":"wp","href":"https:\/\/api.w.org\/{rel}","templated":true}]}}