{"id":10958,"date":"2008-06-03T00:00:00","date_gmt":"2008-06-02T22:00:00","guid":{"rendered":"http:\/\/www.bio-based.eu\/news\/index.php?startid=20080603-10n"},"modified":"2017-12-12T11:12:42","modified_gmt":"2017-12-12T10:12:42","slug":"workshop-naturfaser-compoundierung","status":"publish","type":"post","link":"https:\/\/renewable-carbon.eu\/news\/workshop-naturfaser-compoundierung\/","title":{"rendered":"Workshop: Naturfaser-Compoundierung"},"content":{"rendered":"<p><b>Am 27. Mai fand im <a href=\"http:\/\/www.3-n.info\/\">3-N Klimazentrum<\/a> in Werlte der Workshop <a href=\"http:\/\/www.nova-institut.de\/pp-nf\/kms10\">Naturfaser-Compoundierung<\/a> im Rahmen der <a href=\"http:\/\/www.nova-institut.de\/pp-nf\">Naturfaser-Spritzguss-Kampagne<\/a> statt. Es kamen \u00fcber 20 Experten zusammen, um sich \u00fcber die Compoundierung, Additive und die besonderen Eigenschaften der Naturfasern und deren Einfluss auf das Material und die daraus gefertigten Bauteile auszutauschen.<\/b><br \/>\n<img decoding=\"async\" style=\"margin-right: 10px;\" src=\"https:\/\/renewable-carbon.eu\/news\/wp-content\/uploads\/news-images\/20080603-10\/08-05-26_PP-NF_Werlte_CG.jpg\" alt=\"08-05-26_PP-NF_Werlte_CG.jpg\" align=\"left\" border=\"0\" \/><br \/>\nFrau Dr. Marie-Luise Rottmann-Meyer vom 3N Kompetenzzentrum f\u00fchrt durch die Biowerkstoff-Ausstellung<br style=\"clear: left;\" \/><br \/>\nIn intensiven Gespr\u00e4chen wurde dar\u00fcber hinaus auch \u00fcber die M\u00f6glichkeiten und Anforderungen an die neuen Naturfaser-Spritzguss Granulate und deren Hersteller diskutiert.<br \/>\nM\u00f6glichkeiten zum Download der \u00f6ffentlich verf\u00fcgbaren Beitr\u00e4ge finden Sie <a href=\"http:\/\/www.nova-institut.de\/pp-nf\/index.php?lng=de&amp;tpl=doku\">hier<\/a>.<\/p>\n<p><b>Zuk\u00fcnftige Termine<\/b><br \/>\nIm Juni werden zwei weitere Seminartermine an wechselnden Orten angeboten. Die Anmeldung erfolgt \u00fcber die jeweiligen Webseiten. Weitere Termine f\u00fcr das zweite Halbjahr 2008 finden Sie demn\u00e4chst <a href=\"http:\/\/www.nova-institut.de\/pp-nf\">hier<\/a>. Beachten Sie auch die Kongresse, zu denen jeweils spannende Vortr\u00e4ge und einige Hundert Akteure der Branche erwartet werden.<\/p>\n<ul>\n<li><b>11. Juni 2008:<\/b> Industrievereinigung Verst\u00e4rkte Kunststoffe (AVK), Frankfurt: <a href=\"http:\/\/www.nova-institut.de\/pp-nf\/kms7\">Naturfaser-Spritzguss &#8211; Ready to Use<\/a>, Schwerpunkt M\u00f6belindustrie<\/li>\n<li><b>26. Juni 2008:<\/b> S\u00fcddeutsches Kunststoff Zentrum (SKZ), W\u00fcrzburg: <a href=\"http:\/\/www.nova-institut.de\/pp-nf\/kms9\">Naturfaser-Spritzguss f\u00fcr Techniker<\/a><\/li>\n<li><b>22.-23. September 2008:<\/b> <a href=\"http:\/\/www.nova-institut.de\/nfk08\">6.N-FibreBase-Kongress<\/a> im Rahmen der <a href=\"http:\/\/www.avk-tv.de\/\">11. Internationale AVK-Tagung<\/a> f\u00fcr verst\u00e4rkte Kunststoffe und technische Duroplaste mit <a href=\"http:\/\/www.composites-europe.com\/\">Composites Europe<\/a>, Essen<\/li>\n<li><b>03.-04. Dezember 2008:<\/b> <a href=\"http:\/\/www.rohstoffwende.de\/\">Intern. Kongress Rohstoffwende &amp; Biowerkstoffe<\/a>, K\u00f6ln<\/li>\n<\/ul>\n<p>Alle zuk\u00fcnftigen Veranstaltungstermine sind auch in einem <a href=\"https:\/\/renewable-carbon.eu\/news\/wp-content\/uploads\/news-images\/20080603-10\/08-06-04_Flyer_PP_NF_S3.pdf\">PDF<\/a> zusammengefasst.<\/p>\n<p><b>Hintergrund<\/b><\/p>\n<p>Die Workshops und Seminare werden im Rahmen des vom Bundesministerium f\u00fcr Ern\u00e4hrung, Landwirtschaft und Verbraucherschutz (<a href=\"http:\/\/www.bmelv.de\/\">BMELV<\/a>) \u00fcber die Fachagentur f\u00fcr Nachwachsende Rohstoffe (<a href=\"http:\/\/www.fnr.de\/\">FNR<\/a>) unter dem F\u00f6rderkennzeichen (FKZ) 220 187 06 gef\u00f6rderten Projekts: &#8220;Kampagne zur industriellen Etablierung von Polypropylen-Naturfaser-Spritzguss (PP-NF) und Wood-Plastic-Composites (WPC)&#8221; durchgef\u00fchrt.<\/p>\n<p>Ziel der Kampagne ist die dauerhafte Etablierung eines industriellen Marktes f\u00fcr PP-NF- und WPC-Granulate. Hierbei soll durch gezieltes Marketing der Bekanntheitsgrad dieser neuen Werkstoffe und ihrer Produzenten bei industriellen Entscheidungstr\u00e4gern nachhaltig erh\u00f6ht werden. Au\u00dferdem sollen Konstrukteure und Ingenieure qualifizierte Daten und technische Informationen f\u00fcr ihre zuk\u00fcnftigen Produktentwicklungen erhalten.<\/p>\n<p>(Vgl. Meldungen vom <a href=\"https:\/\/renewable-carbon.eu\/news\/naturfaserverstaerkte-kunststoffe-im-spritzgussverfahren-verarbeiten\/\">2008-04-07<\/a>, <a href=\"https:\/\/renewable-carbon.eu\/news\/produktkatalog-erschienen-naturfaser-spritzguss-bereit-zum-einsatz-in-ihrem-unternehmen\/\">2007-10-15<\/a> und <a href=\"https:\/\/renewable-carbon.eu\/news\/wpc-looking-into-injection-molding\/\">2008-03-07<\/a>.)<\/p>\n","protected":false},"excerpt":{"rendered":"<p><b>Am 27. Mai fand im 3-N Klimazentrum in Werlte der Workshop Naturfaser-Compoundierung im Rahmen der Naturfaser-Spritzguss-Kampagne statt. Es kamen &uuml;ber 20 Experten zusammen, um sich<\/b><\/p>\n","protected":false},"author":3,"featured_media":0,"comment_status":"closed","ping_status":"closed","sticky":false,"template":"","format":"standard","meta":{"_seopress_robots_primary_cat":"","nova_meta_subtitle":"","footnotes":""},"categories":[5572],"tags":[],"supplier":[],"class_list":["post-10958","post","type-post","status-publish","format-standard","hentry","category-bio-based"],"_links":{"self":[{"href":"https:\/\/renewable-carbon.eu\/news\/wp-json\/wp\/v2\/posts\/10958","targetHints":{"allow":["GET"]}}],"collection":[{"href":"https:\/\/renewable-carbon.eu\/news\/wp-json\/wp\/v2\/posts"}],"about":[{"href":"https:\/\/renewable-carbon.eu\/news\/wp-json\/wp\/v2\/types\/post"}],"author":[{"embeddable":true,"href":"https:\/\/renewable-carbon.eu\/news\/wp-json\/wp\/v2\/users\/3"}],"replies":[{"embeddable":true,"href":"https:\/\/renewable-carbon.eu\/news\/wp-json\/wp\/v2\/comments?post=10958"}],"version-history":[{"count":0,"href":"https:\/\/renewable-carbon.eu\/news\/wp-json\/wp\/v2\/posts\/10958\/revisions"}],"wp:attachment":[{"href":"https:\/\/renewable-carbon.eu\/news\/wp-json\/wp\/v2\/media?parent=10958"}],"wp:term":[{"taxonomy":"category","embeddable":true,"href":"https:\/\/renewable-carbon.eu\/news\/wp-json\/wp\/v2\/categories?post=10958"},{"taxonomy":"post_tag","embeddable":true,"href":"https:\/\/renewable-carbon.eu\/news\/wp-json\/wp\/v2\/tags?post=10958"},{"taxonomy":"supplier","embeddable":true,"href":"https:\/\/renewable-carbon.eu\/news\/wp-json\/wp\/v2\/supplier?post=10958"}],"curies":[{"name":"wp","href":"https:\/\/api.w.org\/{rel}","templated":true}]}}