{"id":10955,"date":"2008-06-04T00:00:00","date_gmt":"2008-06-03T22:00:00","guid":{"rendered":"http:\/\/www.bio-based.eu\/news\/index.php?startid=20080604-04n"},"modified":"2008-06-04T00:00:00","modified_gmt":"2008-06-03T22:00:00","slug":"landschaftsgaertner-fordern-ueberpruefung-der-energiepolitik","status":"publish","type":"post","link":"https:\/\/renewable-carbon.eu\/news\/landschaftsgaertner-fordern-ueberpruefung-der-energiepolitik\/","title":{"rendered":"Landschaftsg\u00e4rtner fordern \u00dcberpr\u00fcfung der Energiepolitik"},"content":{"rendered":"<p><b>Der Bundesverband Garten-, Landschafts- und Sportplatzbau e.V. (<a href=\"http:\/\/www.galabau.de\/\" >BGL<\/a>) forderte jetzt eine \u00dcberpr\u00fcfung der Energiepolitik der Bundesregierung mit Blick auf die F\u00f6rderrichtlinien f\u00fcr nachwachsende Rohstoffe im Rahmen des Erneuerbare-Energien-Gesetzes (EEG). BGL-Pr\u00e4sident Hanns-J\u00fcrgen Redeker machte deutlich: &#8220;Internationale Experten weisen schon jetzt darauf hin, dass die Produktion von Bio-Kraftstoffen den Hunger in der Welt versch\u00e4rfen wird.&#8221; Ein Drittel der in den kommenden zehn Jahren erwarteten Preissteigerung &#8211; \u00fcber die Inflationsrate hinaus &#8211; von bis zu 50 Prozent bei Lebensmitteln werde durch die steigende Nachfrage nach h\u00e4ufig protektionistisch gesch\u00fctzten Bio-Kraftstoffen verursacht, f\u00fcr deren Produktion unter anderem Mais und \u00d6lsaaten (zum Beispiel: Raps) ben\u00f6tigt werde.<\/b><\/p>\n<p><b>Gr\u00fcngut statt Nahrungsmittel f\u00fcr Gewinnung von Bioenergie verwenden<\/b><br \/>Redeker: &#8220;Vor diesem Hintergrund kritisieren wir Landschaftsg\u00e4rtner, dass die energetische Verwertung von Raps und Mais zu Strom in Deutschland durch den Bonus aus nachwachsenden Rohstoffen (NawaRo-Bonus) gef\u00f6rdert wird. Dieser Bonus wird aber nicht f\u00fcr die energetische Nutzung von Gr\u00fcngut aus dem Garten- und Landschaftsbau gew\u00e4hrt, obwohl die angestrebte Verwertung von mehreren hunderttausend Tonnen Gr\u00fcnr\u00fcckschnitten pro Jahr f\u00fcr die Produktion von Strom und W\u00e4rme aus Biogas nicht die Nahrungsmittelkette ber\u00fchrt.&#8221;<\/p>\n<p>Der BGL-Pr\u00e4sident f\u00fchrte an: &#8220;Die Organisation f\u00fcr wirtschaftliche Zusammenarbeit (<a href=\"http:\/\/www.oecd.org\/\" >OECD<\/a>) und die Weltern\u00e4hrungsorganisation der Vereinten Nationen (<a href=\"http:\/\/www.fao.org\/\" >FAO<\/a>) \u00e4u\u00dferten sich &#8211; einem aktuellen Bericht in der Frankfurter Allgemeinen Zeitung zufolge &#8211; sehr besorgt \u00fcber das Ende von billigen Lebensmitteln in einer Welt, in der die H\u00e4lfte der Bev\u00f6lkerung schon jetzt von weniger als zwei Dollar am Tag leben muss.&#8221;<\/p>\n<p><b>Biomasse aus vegetationstechnischer Pflege in Positivliste aufnehmen<\/b><br \/>Der BGL-Pr\u00e4sident forderte deshalb erneut mit Blick auf die geplante Novellierung des Erneuerbare-Energien-Gesetzes: &#8220;Es muss sichergestellt werden, dass k\u00fcnftig alle Biomassen aus landschaftsg\u00e4rtnerischer Pflege mit dem NawaRo-Bonus gef\u00f6rdert werden. Deswegen m\u00fcssen Pflanzen und Pflanzenteile, die im Rahmen vegetationstechnischer Pflege- und Instandhaltungsarbeiten anfallen, in die Positivliste aufgenommen werden.&#8221;<\/p>\n<p>(Vgl. Meldung vom <a href=\"https:\/\/renewable-carbon.eu\/news\/experten-wollen-weitere-foerderung-erneuerbarer-energien-im-strombereich\/\" >2008-05-07<\/a>.)<\/p>\n","protected":false},"excerpt":{"rendered":"<p><b>Der Bundesverband Garten-, Landschafts- und Sportplatzbau e.V. (BGL) forderte jetzt eine &Uuml;berpr&uuml;fung der Energiepolitik der Bundesregierung mit Blick auf die F&ouml;rderrichtlinien f&uuml;r nachwachsende Rohstoffe im<\/b><\/p>\n","protected":false},"author":3,"featured_media":0,"comment_status":"closed","ping_status":"closed","sticky":false,"template":"","format":"standard","meta":{"_seopress_robots_primary_cat":"","nova_meta_subtitle":"","footnotes":""},"categories":[5572],"tags":[],"supplier":[],"class_list":["post-10955","post","type-post","status-publish","format-standard","hentry","category-bio-based"],"_links":{"self":[{"href":"https:\/\/renewable-carbon.eu\/news\/wp-json\/wp\/v2\/posts\/10955","targetHints":{"allow":["GET"]}}],"collection":[{"href":"https:\/\/renewable-carbon.eu\/news\/wp-json\/wp\/v2\/posts"}],"about":[{"href":"https:\/\/renewable-carbon.eu\/news\/wp-json\/wp\/v2\/types\/post"}],"author":[{"embeddable":true,"href":"https:\/\/renewable-carbon.eu\/news\/wp-json\/wp\/v2\/users\/3"}],"replies":[{"embeddable":true,"href":"https:\/\/renewable-carbon.eu\/news\/wp-json\/wp\/v2\/comments?post=10955"}],"version-history":[{"count":0,"href":"https:\/\/renewable-carbon.eu\/news\/wp-json\/wp\/v2\/posts\/10955\/revisions"}],"wp:attachment":[{"href":"https:\/\/renewable-carbon.eu\/news\/wp-json\/wp\/v2\/media?parent=10955"}],"wp:term":[{"taxonomy":"category","embeddable":true,"href":"https:\/\/renewable-carbon.eu\/news\/wp-json\/wp\/v2\/categories?post=10955"},{"taxonomy":"post_tag","embeddable":true,"href":"https:\/\/renewable-carbon.eu\/news\/wp-json\/wp\/v2\/tags?post=10955"},{"taxonomy":"supplier","embeddable":true,"href":"https:\/\/renewable-carbon.eu\/news\/wp-json\/wp\/v2\/supplier?post=10955"}],"curies":[{"name":"wp","href":"https:\/\/api.w.org\/{rel}","templated":true}]}}