{"id":10954,"date":"2008-06-04T00:00:00","date_gmt":"2008-06-03T22:00:00","guid":{"rendered":"http:\/\/www.bio-based.eu\/news\/index.php?startid=20080604-05n"},"modified":"2008-06-04T00:00:00","modified_gmt":"2008-06-03T22:00:00","slug":"eu-agrarreform-agrarminister-der-bundeslaender-lehnen-modulation-geschlossen-ab","status":"publish","type":"post","link":"https:\/\/renewable-carbon.eu\/news\/eu-agrarreform-agrarminister-der-bundeslaender-lehnen-modulation-geschlossen-ab\/","title":{"rendered":"EU-Agrarreform: Agrarminister der Bundesl\u00e4nder lehnen Modulation geschlossen ab"},"content":{"rendered":"<p><b>Das Tauziehen um die im Mai ver\u00f6ffentlichten Vorschl\u00e4ge der EU-Kommission zur Anpassung der EU-Agrarreform ist in vollem Gang. Umstritten ist unter anderem die als Modulation bezeichnete St\u00e4rkung von l\u00e4ndlicher Entwicklung und Umweltschutz auf Kosten der produkt- und betriebsbezogenen Direktzahlungen. Gegen diese Umschichtung im Budget haben sich die Agrarminister der deutschen Bundesl\u00e4nder auf ihrer Konferenz am 2. Juni ausgesprochen.<\/b><\/p>\n<p>Die Umschichtung der Mittel hin zu mehr Umweltschutz k\u00f6nnte eine Chance f\u00fcr Nachwachsende Rohstoffe sein, soweit gezeigt werden kann, wie damit die im EU-Fonds f\u00fcr die Entwicklung l\u00e4ndlicher R\u00e4ume und Umweltschonung neu abgesteckten Priorit\u00e4ten umgesetzt werden. Einige Nachwachsende Rohstoffe wie z.B. Hanf oder Miscanthus scheinen pr\u00e4destiniert zu sein, nunmehr von der Zweiten S\u00e4ule zu profitieren \u2013 wenn die Regionen dies w\u00fcnschen. <\/p>\n<p>Genau dies scheint jedoch fraglich. Denn die Agrarminister der L\u00e4nder lehnen neue Pr\u00e4mienk\u00fcrzungen entschieden ab, da diese die Liquidit\u00e4t der Betriebe und die Betriebseinnahmen weiter schw\u00e4chen w\u00fcrden. Au\u00dferdem st\u00fcnden nicht in allen Bundesl\u00e4ndern ausreichende Kofinanzierungsmittel zur Verf\u00fcgung, um die gek\u00fcrzten Mittel in den Bundesl\u00e4ndern wiederverwenden zu k\u00f6nnen.<\/p>\n<p>(Vgl. Meldung vom <a href=\"https:\/\/renewable-carbon.eu\/news\/eu-agrarreform-modulation-bietet-chancen-fuer-nachwachsende-rohstoffe\/\" >2008-06-02<\/a>) <\/p>\n","protected":false},"excerpt":{"rendered":"<p><b>Das Tauziehen um die im Mai ver&ouml;ffentlichten Vorschl&auml;ge der EU-Kommission zur Anpassung der EU-Agrarreform ist in vollem Gang. Umstritten ist unter anderem die als Modulation<\/b><\/p>\n","protected":false},"author":3,"featured_media":0,"comment_status":"closed","ping_status":"closed","sticky":false,"template":"","format":"standard","meta":{"_seopress_robots_primary_cat":"","nova_meta_subtitle":"","footnotes":""},"categories":[5572],"tags":[],"supplier":[],"class_list":["post-10954","post","type-post","status-publish","format-standard","hentry","category-bio-based"],"_links":{"self":[{"href":"https:\/\/renewable-carbon.eu\/news\/wp-json\/wp\/v2\/posts\/10954","targetHints":{"allow":["GET"]}}],"collection":[{"href":"https:\/\/renewable-carbon.eu\/news\/wp-json\/wp\/v2\/posts"}],"about":[{"href":"https:\/\/renewable-carbon.eu\/news\/wp-json\/wp\/v2\/types\/post"}],"author":[{"embeddable":true,"href":"https:\/\/renewable-carbon.eu\/news\/wp-json\/wp\/v2\/users\/3"}],"replies":[{"embeddable":true,"href":"https:\/\/renewable-carbon.eu\/news\/wp-json\/wp\/v2\/comments?post=10954"}],"version-history":[{"count":0,"href":"https:\/\/renewable-carbon.eu\/news\/wp-json\/wp\/v2\/posts\/10954\/revisions"}],"wp:attachment":[{"href":"https:\/\/renewable-carbon.eu\/news\/wp-json\/wp\/v2\/media?parent=10954"}],"wp:term":[{"taxonomy":"category","embeddable":true,"href":"https:\/\/renewable-carbon.eu\/news\/wp-json\/wp\/v2\/categories?post=10954"},{"taxonomy":"post_tag","embeddable":true,"href":"https:\/\/renewable-carbon.eu\/news\/wp-json\/wp\/v2\/tags?post=10954"},{"taxonomy":"supplier","embeddable":true,"href":"https:\/\/renewable-carbon.eu\/news\/wp-json\/wp\/v2\/supplier?post=10954"}],"curies":[{"name":"wp","href":"https:\/\/api.w.org\/{rel}","templated":true}]}}