{"id":10936,"date":"2008-06-12T00:00:00","date_gmt":"2008-06-11T22:00:00","guid":{"rendered":"http:\/\/www.bio-based.eu\/news\/index.php?startid=20080612-03n"},"modified":"2008-06-12T00:00:00","modified_gmt":"2008-06-11T22:00:00","slug":"holzfaser-daemmplatten-als-verbundsystem","status":"publish","type":"post","link":"https:\/\/renewable-carbon.eu\/news\/holzfaser-daemmplatten-als-verbundsystem\/","title":{"rendered":"Holzfaser-D\u00e4mmplatten als Verbundsystem"},"content":{"rendered":"<p><b>Mit STEICOprotect bietet der \u00f6kologische Baustoffproduzent <a href=\"http:\/\/www.steico.com\/\" >Steico AG<\/a> ein komplettes W\u00e4rmed\u00e4mm-Verbundsystem aus einer Hand auf Grundlage der bew\u00e4hrten Holzfaser-D\u00e4mmpatten. Das Deutsche Institut f\u00fcr Bautechnik (<a href=\"http:\/\/www.dibt.de\/\" >DIBt<\/a>) best\u00e4tigte die allgemeine bauaufsichtliche Zulassung des Systemss (Z-33.47-978), der Vertrieb erfolgt \u00fcber die Handelspartner des Herstellers.<\/b><\/p>\n<p><img SRC=\"https:\/\/renewable-carbon.eu\/news\/wp-content\/uploads\/news-images\/20080612-03\/Unbenannt1.jpg\" align=\"right\" style=\"margin-left:10px;\" BORDER=\"0\" ALT=\"Unbenannt1.jpg\"\/>Das System besteht aus Holzfaser-D\u00e4mmplatten (Typ H\/M) dem Putzsystem sowie Zubeh\u00f6r f\u00fcr dauerhafte L\u00f6sungen im WDVS. Die Holzfaserd\u00e4mmplatten werden mit laufender G\u00fcte\u00fcberwachung produziert nach DIN EN 13171. Steico verwendet Holz aus nachhaltig bewirtschafteten W\u00e4ldern, die nach den unabh\u00e4ngigen Richtlinen des Forest Stewardship Council (<a href=\"http:\/\/www.fsc.org\/\" >FSC<\/a>) zertifiziert sind. Das Putzsystem ist rein mineralisch oder mit organisch verg\u00fcteten Komponenten erh\u00e4ltlich.<\/p>\n<p>Vorteile des Systems:<\/p>\n<ul>\n<li>Langj\u00e4hrig bew\u00e4hrte feste Plattenqualit\u00e4t<\/li>\n<li>hoch diffusionsoffene Putzsysteme<\/li>\n<li>idealer Witterungsschutz f\u00fcr den Holzbau<\/li>\n<li>hoher Vorfertigungsgrad m\u00f6glich<\/li>\n<li>abgestimmtes Zubeh\u00f6r-Sortiment f\u00fcr sichere Probleml\u00f6sungen<\/li>\n<li>Gepr\u00fcfte Brandkostruktionen F30\/F90-B<\/li>\n<\/ul>\n<p><b>Weitere Informationen<\/b><br \/><a href=\"https:\/\/renewable-carbon.eu\/news\/wp-content\/uploads\/news-images\/20080612-03\/steico_datenblatt_0072.pdf\" >Lieferprogramm\/ Datenbatt<\/a> (PDF-Dokument) <\/p>\n<p>(Vgl. Meldungen vom <a href=\"https:\/\/renewable-carbon.eu\/news\/steico-verlagerung-der-produktionsanlage-fuer-hanfplatten-nach-polen\/\" >2008-01-29<\/a> und <a href=\"https:\/\/renewable-carbon.eu\/news\/holzfaserdaemmung-schuetzt-vor-ueberwaermung\/\" >2007-07-09<\/a>.)<\/p>\n","protected":false},"excerpt":{"rendered":"<p><b>Mit STEICOprotect bietet der &ouml;kologische Baustoffproduzent Steico AG ein komplettes W&auml;rmed&auml;mm-Verbundsystem aus einer Hand auf Grundlage der bew&auml;hrten Holzfaser-D&auml;mmpatten. Das Deutsche Institut f&uuml;r Bautechnik (DIBt)<\/b><\/p>\n","protected":false},"author":3,"featured_media":0,"comment_status":"closed","ping_status":"closed","sticky":false,"template":"","format":"standard","meta":{"_seopress_robots_primary_cat":"","nova_meta_subtitle":"","footnotes":""},"categories":[5572],"tags":[],"supplier":[],"class_list":["post-10936","post","type-post","status-publish","format-standard","hentry","category-bio-based"],"_links":{"self":[{"href":"https:\/\/renewable-carbon.eu\/news\/wp-json\/wp\/v2\/posts\/10936","targetHints":{"allow":["GET"]}}],"collection":[{"href":"https:\/\/renewable-carbon.eu\/news\/wp-json\/wp\/v2\/posts"}],"about":[{"href":"https:\/\/renewable-carbon.eu\/news\/wp-json\/wp\/v2\/types\/post"}],"author":[{"embeddable":true,"href":"https:\/\/renewable-carbon.eu\/news\/wp-json\/wp\/v2\/users\/3"}],"replies":[{"embeddable":true,"href":"https:\/\/renewable-carbon.eu\/news\/wp-json\/wp\/v2\/comments?post=10936"}],"version-history":[{"count":0,"href":"https:\/\/renewable-carbon.eu\/news\/wp-json\/wp\/v2\/posts\/10936\/revisions"}],"wp:attachment":[{"href":"https:\/\/renewable-carbon.eu\/news\/wp-json\/wp\/v2\/media?parent=10936"}],"wp:term":[{"taxonomy":"category","embeddable":true,"href":"https:\/\/renewable-carbon.eu\/news\/wp-json\/wp\/v2\/categories?post=10936"},{"taxonomy":"post_tag","embeddable":true,"href":"https:\/\/renewable-carbon.eu\/news\/wp-json\/wp\/v2\/tags?post=10936"},{"taxonomy":"supplier","embeddable":true,"href":"https:\/\/renewable-carbon.eu\/news\/wp-json\/wp\/v2\/supplier?post=10936"}],"curies":[{"name":"wp","href":"https:\/\/api.w.org\/{rel}","templated":true}]}}