{"id":10934,"date":"2008-06-12T00:00:00","date_gmt":"2008-06-11T22:00:00","guid":{"rendered":"http:\/\/www.bio-based.eu\/news\/index.php?startid=20080611-08n"},"modified":"2008-06-12T00:00:00","modified_gmt":"2008-06-11T22:00:00","slug":"lenzing-rekordergebnis-durch-wachstum-und-faserboom","status":"publish","type":"post","link":"https:\/\/renewable-carbon.eu\/news\/lenzing-rekordergebnis-durch-wachstum-und-faserboom\/","title":{"rendered":"Lenzing: Rekordergebnis durch Wachstum und Faserboom"},"content":{"rendered":"<p>Die <a href=\"http:\/\/www.lenzing.com\/\" >Lenzing Gruppe<\/a> hat im Gesch\u00e4ftsjahr 2007 ein Rekord-Ergebnis erzielt. Damit zahlt sich der Wachstumskurs des Unternehmens aus, unterst\u00fctzt durch hervorragende Rahmenbedingungen im Fasergesch\u00e4ft. Im ersten Quartal 2007 setzte sich der sehr gute Gesch\u00e4ftsverlauf fort, f\u00fcr die kommenden Monate rechnet Lenzing ein Ende des Faserbooms der vergangenen Jahre und setzt im Kerngesch\u00e4ft auf cellulosische Fasern mit einem hochwertigen Produktportfolio.<\/p>\n<p>Durch die Inbetriebnahme des neuen Viscosefaserwerkes Nanjing (China), Preiserh\u00f6hungen im Kerngesch\u00e4ft cellulosische Fasern sowie durch Unternehmensakquisitionen im Segment Plastics wurde ein kr\u00e4ftiger Wachstumsschub verzeichnet. Demnach stieg der konsolidierte Konzernumsatz um 20,9% auf 1,26 Mrd. EUR, das EBITDA um 35,4% auf 229,3 Mio. EUR und das Betriebsergebnis (EBIT) um 50,6% auf 162,3 Mio. EUR an. Der Jahres\u00fcberschuss verbesserte sich auf 117,6 Mio. EUR um 33,1%.<\/p>\n<p>Auch das erste Quartal 2008 brachte f\u00fcr die Lenzing Gruppe eine Fortsetzung des sehr guten Gesch\u00e4ftsverlaufes, wenngleich im Segment Fasern erste Anzeichen einer Nachfrageabschw\u00e4chung f\u00fcr die kommenden Quartale erkennbar waren. Der konsolidierte Konzernumsatz stieg um 23,3%. Der Umsatzzuwachs basierte auf erh\u00f6hten Faserproduktionsmengen, h\u00f6heren Faserpreisen und der Einbeziehung der 2007 erworbenen Gesellschaften im Segment Plastics. <\/p>\n<p>&#8220;Das erste Quartal war noch von einer sehr guten Nachfragesituation bei Fasern in Asien gepr\u00e4gt. Daher konnten wir unsere Margen trotz deutlich gestiegener Rohstoffkosten auf ann\u00e4hernd gleich hohem Niveau wie im Vorjahr halten&#8221;, kommentiert Lenzing Vorstandsvorsitzender Thomas Fahnemann die aktuelle Situation. Der Textil-, aber auch der Nonwovensmarkt profitierte von der guten Nachfragesituation in Europa und in den Emerging Markets. Die Auslastung der Nonwovens-Industrie in Europa und in den USA war anhaltend hoch.<\/p>\n<p><b>Ausblick<\/b><br \/>Lenzing erwartet im weiteren Jahresverlauf ein Ende des Faserbooms der vergangenen Jahre, zumal sich die textile Pipeline auff\u00fcllt und die Lagerst\u00e4nde in der textilen Kette wieder ansteigen. Dies hat bereits in den ersten Wochen des zweiten Quartals zu deutlichen Preisr\u00fcckg\u00e4ngen bei Standardfasern in Europa und Asien gef\u00fchrt.  Hinzu kommt, dass im Laufe des heurigen Jahres weitere Faserkapazit\u00e4ten in Asien in Betrieb genommen werden und es daher zu \u00dcberkapazit\u00e4ten bei cellulosischen Fasern am Weltmarkt kommen wird. Der weiter schwache Dollarkurs stellt eine zus\u00e4tzliche Belastung dar. Allerdings ist auf der Rohstoffseite bei Zellstoff im weiteren Jahresverlauf mit einer Entspannung der Versorgungslage zu rechnen, da neue Kapazit\u00e4ten auf den Markt kommen.<\/p>\n<p>Lenzing wird in den kommenden Monaten im Kerngesch\u00e4ft cellulosische Fasern mit einem hochwertigen Produktportfolio, das weniger anf\u00e4llig auf zyklische Schwankungen ist, der schwieriger werdenden Situation entgegenhalten. Bei Plastics und Technik ist mit einer weitgehend stabilen Gesch\u00e4ftsentwicklung im weiteren Jahresverlauf zu rechnen.<\/p>\n<p><i>Pressemitteilungen <a href=\"https:\/\/renewable-carbon.eu\/news\/wp-content\/uploads\/news-images\/20080611-08\/08_05_09_1._Quartal_2008_DE.pdf\" >Lenzing setzt Erfolgskurs im ersten Quartal fort<\/a> vom 2008-05-09 und <a href=\"https:\/\/renewable-carbon.eu\/news\/wp-content\/uploads\/news-images\/20080611-08\/LENZING_AG_-_Bilanzergebnisse_N.pdf\" >Lenzing Gruppe best\u00e4tigt Rekordzahlen f\u00fcr 2007<\/a> vom 200804-14 (PDF-Dokumente)<\/i> <\/p>\n<p>(Vgl. Meldungen vom <a href=\"https:\/\/renewable-carbon.eu\/news\/lenzing-kompostierbarkeit-von-cellulosefasern-zertifiziert\/\" >2008-04-16<\/a> und <a href=\"https:\/\/renewable-carbon.eu\/news\/lenzing-ausbau-des-tencelreg-produktionsstandortes-heiligenkreuz\/\" >2007-10-11<\/a>.)<\/p>\n","protected":false},"excerpt":{"rendered":"<p>Die Lenzing Gruppe hat im Gesch&auml;ftsjahr 2007 ein Rekord-Ergebnis erzielt. Damit zahlt sich der Wachstumskurs des Unternehmens aus, unterst&uuml;tzt durch hervorragende Rahmenbedingungen im Fasergesch&auml;ft. Im<\/p>\n","protected":false},"author":3,"featured_media":0,"comment_status":"closed","ping_status":"closed","sticky":false,"template":"","format":"standard","meta":{"_seopress_robots_primary_cat":"","nova_meta_subtitle":"","footnotes":""},"categories":[5572],"tags":[],"supplier":[],"class_list":["post-10934","post","type-post","status-publish","format-standard","hentry","category-bio-based"],"_links":{"self":[{"href":"https:\/\/renewable-carbon.eu\/news\/wp-json\/wp\/v2\/posts\/10934","targetHints":{"allow":["GET"]}}],"collection":[{"href":"https:\/\/renewable-carbon.eu\/news\/wp-json\/wp\/v2\/posts"}],"about":[{"href":"https:\/\/renewable-carbon.eu\/news\/wp-json\/wp\/v2\/types\/post"}],"author":[{"embeddable":true,"href":"https:\/\/renewable-carbon.eu\/news\/wp-json\/wp\/v2\/users\/3"}],"replies":[{"embeddable":true,"href":"https:\/\/renewable-carbon.eu\/news\/wp-json\/wp\/v2\/comments?post=10934"}],"version-history":[{"count":0,"href":"https:\/\/renewable-carbon.eu\/news\/wp-json\/wp\/v2\/posts\/10934\/revisions"}],"wp:attachment":[{"href":"https:\/\/renewable-carbon.eu\/news\/wp-json\/wp\/v2\/media?parent=10934"}],"wp:term":[{"taxonomy":"category","embeddable":true,"href":"https:\/\/renewable-carbon.eu\/news\/wp-json\/wp\/v2\/categories?post=10934"},{"taxonomy":"post_tag","embeddable":true,"href":"https:\/\/renewable-carbon.eu\/news\/wp-json\/wp\/v2\/tags?post=10934"},{"taxonomy":"supplier","embeddable":true,"href":"https:\/\/renewable-carbon.eu\/news\/wp-json\/wp\/v2\/supplier?post=10934"}],"curies":[{"name":"wp","href":"https:\/\/api.w.org\/{rel}","templated":true}]}}