{"id":10900,"date":"2008-04-08T00:00:00","date_gmt":"2008-04-07T22:00:00","guid":{"rendered":"http:\/\/www.bio-based.eu\/news\/index.php?startid=20080408-05n"},"modified":"2008-04-08T00:00:00","modified_gmt":"2008-04-07T22:00:00","slug":"biokunststoff-flaschen-pfandfrei-bis-2012","status":"publish","type":"post","link":"https:\/\/renewable-carbon.eu\/news\/biokunststoff-flaschen-pfandfrei-bis-2012\/","title":{"rendered":"Biokunststoff-Flaschen pfandfrei bis 2012"},"content":{"rendered":"<p><b>Der Industrieverband <a href=\"http:\/\/www.european-bioplastics.org\/\" >European Bioplastics<\/a> begr\u00fc\u00dft die in der 5. Novelle der Verpackungsverordnung verankerte Regelung zu Getr\u00e4nkeflaschen aus Biokunststoffen. Bis zum 31. Dezember 2012 sind solche Flaschen von der Pfandpflicht f\u00fcr Einweggetr\u00e4nkeverpackungen befreit, wenn sie &#8220;&#8230;zu mindestens 75 Prozent aus nachwachsenden Rohstoffen hergestellt sind, &#8230;&#8221;. Die Hersteller m\u00fcssen sich mit den Flaschen allerdings an einem dualen System beteiligen.<\/b><\/p>\n<p>&#8220;Durch diese Regelung f\u00f6rdert die Bundesregierung den Einsatz von nachwachsenden Rohstoffen im Bereich der Getr\u00e4nkeverpackungen und damit eine wesentliche Innovation der Kunststoffindustrie&#8221;, so Dr. Harald K\u00e4b, Vorstandssprecher von European Bioplastics. &#8220;Der Markteinstieg f\u00fcr Biokunststoffe wird so stark unterst\u00fctzt.&#8221;<br \/>Handel und Getr\u00e4nkewirtschaft profitieren von der unkomplizierten Handhabung. Durch die bis 2012 befristete Erleichterung werden erhebliche Anreize f\u00fcr die Ausweitung des Biokunstoffmarktes in Deutschland geschaffen. Gleichzeitig kann der kostenintensive Aufbau von Sortier- und Recyclingsystemen parallel mit den steigenden Marktmengen vorangetrieben werden. <\/p>\n<p>In der Einf\u00fchrungsphase ist die Sammlung und Verwertung mittels dualer Systeme, also \u00fcber den gelben Sack bzw. die gelbe Tonne, vorgesehen. &#8220;Die Flaschen werden so in der Regel der energetischen Verwertung zugef\u00fchrt und tragen aufgrund ihrer Herkunft aus nachwachsenden Rohstoffen zur Reduktion von CO<sub>2<\/sub>-Emissionen bei&#8221;, meint J\u00f6ran Reske, Vize-Sprecher von European Bioplastics und zust\u00e4ndig f\u00fcr Umweltfragen. <\/p>\n<p>Weltweit werden etwa ein Dutzend Getr\u00e4nke in Flaschen aus Biokunststoffen vertrieben. Um die stark wachsende Nachfrage zu bedienen, stehen mehrere Unternehmen der Biokunststoffindustrie unmittelbar vor umfangreichen Investitionen in gr\u00f6\u00dfere Produktionsanlagen.<\/p>\n<p>(Vgl. Meldungen vom <a href=\"https:\/\/renewable-carbon.eu\/news\/novelle-der-verpackungsverordnung-passiert-bundeskabinett\/\" >2007-09-20<\/a> und <a href=\"https:\/\/renewable-carbon.eu\/news\/nova-bericht-globale-marktsituation-der-biokunststoffe\/\" >2008-03-06<\/a>.)<\/p>\n","protected":false},"excerpt":{"rendered":"<p><b>Der Industrieverband European Bioplastics begr&uuml;&szlig;t die in der 5. Novelle der Verpackungsverordnung verankerte Regelung zu Getr&auml;nkeflaschen aus Biokunststoffen. Bis zum 31. Dezember 2012 sind solche<\/b><\/p>\n","protected":false},"author":3,"featured_media":0,"comment_status":"closed","ping_status":"closed","sticky":false,"template":"","format":"standard","meta":{"_seopress_robots_primary_cat":"","nova_meta_subtitle":"","footnotes":""},"categories":[5572],"tags":[],"supplier":[],"class_list":["post-10900","post","type-post","status-publish","format-standard","hentry","category-bio-based"],"_links":{"self":[{"href":"https:\/\/renewable-carbon.eu\/news\/wp-json\/wp\/v2\/posts\/10900","targetHints":{"allow":["GET"]}}],"collection":[{"href":"https:\/\/renewable-carbon.eu\/news\/wp-json\/wp\/v2\/posts"}],"about":[{"href":"https:\/\/renewable-carbon.eu\/news\/wp-json\/wp\/v2\/types\/post"}],"author":[{"embeddable":true,"href":"https:\/\/renewable-carbon.eu\/news\/wp-json\/wp\/v2\/users\/3"}],"replies":[{"embeddable":true,"href":"https:\/\/renewable-carbon.eu\/news\/wp-json\/wp\/v2\/comments?post=10900"}],"version-history":[{"count":0,"href":"https:\/\/renewable-carbon.eu\/news\/wp-json\/wp\/v2\/posts\/10900\/revisions"}],"wp:attachment":[{"href":"https:\/\/renewable-carbon.eu\/news\/wp-json\/wp\/v2\/media?parent=10900"}],"wp:term":[{"taxonomy":"category","embeddable":true,"href":"https:\/\/renewable-carbon.eu\/news\/wp-json\/wp\/v2\/categories?post=10900"},{"taxonomy":"post_tag","embeddable":true,"href":"https:\/\/renewable-carbon.eu\/news\/wp-json\/wp\/v2\/tags?post=10900"},{"taxonomy":"supplier","embeddable":true,"href":"https:\/\/renewable-carbon.eu\/news\/wp-json\/wp\/v2\/supplier?post=10900"}],"curies":[{"name":"wp","href":"https:\/\/api.w.org\/{rel}","templated":true}]}}