{"id":10896,"date":"2008-04-09T00:00:00","date_gmt":"2008-04-08T22:00:00","guid":{"rendered":"http:\/\/www.bio-based.eu\/news\/index.php?startid=20080409-04n"},"modified":"2008-04-09T00:00:00","modified_gmt":"2008-04-08T22:00:00","slug":"stoffliche-nutzung-nachwuchsforscher-praesentieren-ergebnisse-in-jena","status":"publish","type":"post","link":"https:\/\/renewable-carbon.eu\/news\/stoffliche-nutzung-nachwuchsforscher-praesentieren-ergebnisse-in-jena\/","title":{"rendered":"Stoffliche Nutzung: Nachwuchsforscher pr\u00e4sentieren Ergebnisse in Jena"},"content":{"rendered":"<p><b>Seit 2006 unterst\u00fctzt die Fachagentur Nachwachsende Rohstoffe (<a href=\"http:\/\/www.fnr.de\/\" >FNR<\/a>) im Auftrag des Bundeslandwirtschaftsministeriums (<a href=\"http:\/\/www.bmelv.de\/\" >BMELV<\/a>) sechs Gruppen mit jeweils vier Wissenschaftlern an deutschen Universit\u00e4ten und Forschungseinrichtungen. Diese Nachwuchsgruppen besch\u00e4ftigen sich mit zukunftstr\u00e4chtigen Themen bei der stofflichen Nutzung von Biomasse. Es geht zum Beispiel um Nano-Verbundwerkstoffe auf Basis von Zuckern oder die biotechnologische Herstellung von Bernsteins\u00e4ure \u2013 einem interessanten Stoff f\u00fcr die Fertigung von Hochleistungs-Kunststoffen.<\/b><\/p>\n<p>Auf der Tagung am 29. Mai in Jena stellen die Nachwuchsgruppen den Zwischenstand ihrer Forschung vor und diskutieren die Ergebnisse mit den Tagungsbesuchern. Ziel der Veranstaltung ist es auch, neue Forschungsprojekte zu initiieren und Wirtschaft und Wissenschaft f\u00fcr deren Durchf\u00fchrung zusammen zu bringen. <\/p>\n<p>Die Tagung &#8220;F\u00f6rderung von Nachwuchsgruppen im Bereich der nachwachsenden Rohstoffe &#8211; Pr\u00e4sentation der Forschungsergebnisse 2008&#8221; findet am 29. Mai 2008 in Jena in der <a href=\"http:\/\/www.uni-jena.de\/\" >Friedrich-Schiller-Universit\u00e4t<\/a> statt. Anmeldungen sind im Internet m\u00f6glich unter <a href=\"http:\/\/www.fnr.de\/nachwuchsgruppen2008\" >www.fnr.de\/nachwuchsgruppen2008<\/a>.<\/p>\n<p>(Vgl. <a href=\"https:\/\/renewable-carbon.eu\/news\/\/\" >Veranstaltungshinweis<\/a> und Meldungen vom <a href=\"https:\/\/renewable-carbon.eu\/news\/bernsteinsaeure-aus-biotechnologischer-produktion\/\" >2007-09-11<\/a>, <a href=\"https:\/\/renewable-carbon.eu\/news\/nachwachsende-rohstoffe-fr-die-chemie-nachwuchsgruppe-stoffliche-nutzung-von-fetten-und-len-im-aufbau\/\" >2006-08-08<\/a>, <a href=\"https:\/\/renewable-carbon.eu\/news\/verbraucherschutzministerium-und-fachagentur-foerdern-nachwuchsgruppen-zur-stofflichen-nutzung-von-nachwachsenden-rohstoffen\/\" >2005-06-17<\/a> <\/p>\n","protected":false},"excerpt":{"rendered":"<p><b>Seit 2006 unterst&uuml;tzt die Fachagentur Nachwachsende Rohstoffe (FNR) im Auftrag des Bundeslandwirtschaftsministeriums (BMELV) sechs Gruppen mit jeweils vier Wissenschaftlern an deutschen Universit&auml;ten und Forschungseinrichtungen. Diese<\/b><\/p>\n","protected":false},"author":3,"featured_media":0,"comment_status":"closed","ping_status":"closed","sticky":false,"template":"","format":"standard","meta":{"_seopress_robots_primary_cat":"","nova_meta_subtitle":"","footnotes":""},"categories":[5572],"tags":[],"supplier":[],"class_list":["post-10896","post","type-post","status-publish","format-standard","hentry","category-bio-based"],"_links":{"self":[{"href":"https:\/\/renewable-carbon.eu\/news\/wp-json\/wp\/v2\/posts\/10896","targetHints":{"allow":["GET"]}}],"collection":[{"href":"https:\/\/renewable-carbon.eu\/news\/wp-json\/wp\/v2\/posts"}],"about":[{"href":"https:\/\/renewable-carbon.eu\/news\/wp-json\/wp\/v2\/types\/post"}],"author":[{"embeddable":true,"href":"https:\/\/renewable-carbon.eu\/news\/wp-json\/wp\/v2\/users\/3"}],"replies":[{"embeddable":true,"href":"https:\/\/renewable-carbon.eu\/news\/wp-json\/wp\/v2\/comments?post=10896"}],"version-history":[{"count":0,"href":"https:\/\/renewable-carbon.eu\/news\/wp-json\/wp\/v2\/posts\/10896\/revisions"}],"wp:attachment":[{"href":"https:\/\/renewable-carbon.eu\/news\/wp-json\/wp\/v2\/media?parent=10896"}],"wp:term":[{"taxonomy":"category","embeddable":true,"href":"https:\/\/renewable-carbon.eu\/news\/wp-json\/wp\/v2\/categories?post=10896"},{"taxonomy":"post_tag","embeddable":true,"href":"https:\/\/renewable-carbon.eu\/news\/wp-json\/wp\/v2\/tags?post=10896"},{"taxonomy":"supplier","embeddable":true,"href":"https:\/\/renewable-carbon.eu\/news\/wp-json\/wp\/v2\/supplier?post=10896"}],"curies":[{"name":"wp","href":"https:\/\/api.w.org\/{rel}","templated":true}]}}