{"id":10877,"date":"2008-04-18T00:00:00","date_gmt":"2008-04-17T22:00:00","guid":{"rendered":"http:\/\/www.bio-based.eu\/news\/index.php?startid=20080418-02n"},"modified":"2008-04-18T00:00:00","modified_gmt":"2008-04-17T22:00:00","slug":"genf-preiswuerdige-nawaro-geistesblitze-auf-der-erfindermesse","status":"publish","type":"post","link":"https:\/\/renewable-carbon.eu\/news\/genf-preiswuerdige-nawaro-geistesblitze-auf-der-erfindermesse\/","title":{"rendered":"Genf: Preisw\u00fcrdige Nawaro-Geistesblitze auf der Erfindermesse"},"content":{"rendered":"<p><b>Rund 1.000 neue Erfindungen waren auf der Genfer Erfindermesse zu bestaunen, die in der ersten Aprilwoche er\u00f6ffnet wurde. Nach Angaben der Veranstalter waren auf der weltgr\u00f6\u00dften Messe dieser Art mehr als 700 Aussteller aus 45 L\u00e4ndern vertreten. Besucht wurde die Messe von 65.000 Besuchern. Ein ganze Reihe von Preisen r\u00e4umten innovative Produkte aus nachwachsenden Rohstoffen auf dieser Ausstellung ab &#8211; von &#8220;HygieneHolz&#8221; \u00fcber Bambustextilien bis zu Holzprodukten aus dem Abfall von \u00d6lpflanzenplantagen reicht die Palette der ausgezeichneten Erfindungen.<\/b><\/p>\n<p><img SRC=\"https:\/\/renewable-carbon.eu\/news\/wp-content\/uploads\/news-images\/20080418-02\/hygiene.jpg\" align=\"right\" style=\"margin-left:10px;\" BORDER=\"0\" ALT=\"hygiene.jpg\"\/><b>HygieneHolz<\/b> nutzt das dunkle Kernholz der Kiefer. Dort befinden sich spezielle Inhaltsstoffe, die \u00fcber eine nachweislich, dauerhaft bakterien- und keimt\u00f6tende Wirkung verf\u00fcgen, wie Heinrich Wilms, Gesch\u00e4ftsf\u00fchrer des gleichnamigen mittelst\u00e4ndischen Unternehmens, erkl\u00e4rt. Durch ein patentiertes Verfahren der <a href=\"http:\/\/www.hygiene-holz.de\/\" >Wilms GmbH<\/a> wird die nat\u00fcrliche Abwehrkraft des Kiefern-Kernholzes verst\u00e4rkt. <\/p>\n<p>Auf der Messe pr\u00e4miert wurde unter anderem ein patentierter Luftfilter, der die hygienischen Eigenschaften des Holzes zur Verbesserung der Raumluft nutzt. Ebenfalls eine mit Gold ausgezeichnete Idee ist die M\u00f6glichkeit, mit speziellen Produkten aus Kiefern-Kernholz dem Problem mit Schimmelbildung in Wohnungen zu begegnen. Mit Silber ausgezeichnet worden ist ein Null-Emissionsstall auf Basis von HygieneHolz f\u00fcr die Gefl\u00fcgelaufzucht (Modell siehe Foto).<\/p>\n<p>Das Sortiment der franz\u00f6schischen Firma Pegase Production Sport Design an <b>Bekleidung aus Bambusfasern<\/b> errang den Publikumspreis der Messe sowie den vom &#8220;Circle of Company Directors&#8221; verliehenen Preis f\u00fcr den Geist des Unternehmertums.<\/p>\n<p>Der Erfinder W.A. Wan Tarmeze aus Malaysia erhielt den Preis der (<a href=\"http:\/\/www.wipo.int\/\" >WIPO<\/a>) f\u00fcr &#8220;POPS<sup>TM<\/sup> Lumber&#8221; f\u00fcr <b>chemisch modifiziertes Holz<\/b> aus Abfallbiomasse von Palm\u00f6lplantagen.  <\/p>\n<p>Der Preis des Deutschen Erfinder-Verbands (<a href=\"http:\/\/www.deutscher-erfinder-verband.de\/\" >DEV<\/a>) ging an das Industrial Chemistry Research Institute (<a href=\"http:\/\/www.ichp.pl\/\" >ICHP<\/a>) in Polen, das eine biologisch abbaubare thermoplastische <b>Folie auf St\u00e4rkebasis<\/b> f\u00fcr anspruchsvolle Anwendungen entwickelt hat. <\/p>\n","protected":false},"excerpt":{"rendered":"<p><b>Rund 1.000 neue Erfindungen waren auf der Genfer Erfindermesse zu bestaunen, die in der ersten Aprilwoche er&ouml;ffnet wurde. Nach Angaben der Veranstalter waren auf der<\/b><\/p>\n","protected":false},"author":3,"featured_media":0,"comment_status":"closed","ping_status":"closed","sticky":false,"template":"","format":"standard","meta":{"_seopress_robots_primary_cat":"","nova_meta_subtitle":"","footnotes":""},"categories":[5572],"tags":[],"supplier":[],"class_list":["post-10877","post","type-post","status-publish","format-standard","hentry","category-bio-based"],"_links":{"self":[{"href":"https:\/\/renewable-carbon.eu\/news\/wp-json\/wp\/v2\/posts\/10877","targetHints":{"allow":["GET"]}}],"collection":[{"href":"https:\/\/renewable-carbon.eu\/news\/wp-json\/wp\/v2\/posts"}],"about":[{"href":"https:\/\/renewable-carbon.eu\/news\/wp-json\/wp\/v2\/types\/post"}],"author":[{"embeddable":true,"href":"https:\/\/renewable-carbon.eu\/news\/wp-json\/wp\/v2\/users\/3"}],"replies":[{"embeddable":true,"href":"https:\/\/renewable-carbon.eu\/news\/wp-json\/wp\/v2\/comments?post=10877"}],"version-history":[{"count":0,"href":"https:\/\/renewable-carbon.eu\/news\/wp-json\/wp\/v2\/posts\/10877\/revisions"}],"wp:attachment":[{"href":"https:\/\/renewable-carbon.eu\/news\/wp-json\/wp\/v2\/media?parent=10877"}],"wp:term":[{"taxonomy":"category","embeddable":true,"href":"https:\/\/renewable-carbon.eu\/news\/wp-json\/wp\/v2\/categories?post=10877"},{"taxonomy":"post_tag","embeddable":true,"href":"https:\/\/renewable-carbon.eu\/news\/wp-json\/wp\/v2\/tags?post=10877"},{"taxonomy":"supplier","embeddable":true,"href":"https:\/\/renewable-carbon.eu\/news\/wp-json\/wp\/v2\/supplier?post=10877"}],"curies":[{"name":"wp","href":"https:\/\/api.w.org\/{rel}","templated":true}]}}