{"id":10867,"date":"2008-04-23T00:00:00","date_gmt":"2008-04-22T22:00:00","guid":{"rendered":"http:\/\/www.bio-based.eu\/news\/index.php?startid=20080423-03n"},"modified":"2008-04-23T00:00:00","modified_gmt":"2008-04-22T22:00:00","slug":"holzpellets-aus-energiewaldplantage","status":"publish","type":"post","link":"https:\/\/renewable-carbon.eu\/news\/holzpellets-aus-energiewaldplantage\/","title":{"rendered":"Holzpellets aus Energiewaldplantage"},"content":{"rendered":"<p><b>Mit der Pflanzung einer Kurzumtriebsplantage aus Weidenstecklingen in Bad Schussenried (Kreis Biberach) startet die <a href=\"http:\/\/www.schellinger-kg.de\/\" >Schellinger KG<\/a> ein Projekt, bei dem in den n\u00e4chsten f\u00fcnf Jahren 3.000 Hektar Energiewald speziell f\u00fcr die Produktion von Holzpellets entstehen sollen.<\/b><\/p>\n<p>Durch die Anpflanzung der W\u00e4lder soll die langfristige Rohstoffversorgung f\u00fcr Pelletwerke sichergestellt werden. Die benutzten Weiden sind nach f\u00fcnf Jahren mit einer H\u00f6he von rund f\u00fcnf Metern breits bereit f\u00fcr eine vollmechanische Ernte und k\u00f6nnen dann in einem Pelletwerk getrocknet und gepresst werden. Die Wurzelst\u00f6cke bleiben im Boden und schlagen erneut aus, so dass die Weiden bis zu zehnmal geerntet werden k\u00f6nnen.<\/p>\n<p>Bis heute werden Pellets aus Holzabf\u00e4llen wie S\u00e4gemehl und S\u00e4gesp\u00e4ne produziert. Der Deutsche Pellet-Verband (<a href=\"http:\/\/www.depv.de\/\" >DEPV<\/a>) rechnet nach Angaben in der Stuttgarter Zeitung damit, dass in den n\u00e4chsten Jahren deutlich mehr Holz gebraucht wird. Bundesweit wurde im vergangen Jahr nach DEPV-Angaben mit 83.000 Pellet\u00f6fen geheizt. Bis zum Jahr 2015 sollen es rund 500.000 Anlagen werden. Pellets kosten ungef\u00e4hr 190 Euro je Tonne, was einem Energiepreis etwa vier Cent pro Kilowattstunde entspricht, und sind dabei im Vergleich zu \u00d6l und Gas mit rund sieben Cent pro Kilowattstunde erheblich g\u00fcnstiger. Nach Angaben des Umweltministeriums liegt der Anteil der Bioenergien am Energieverbrauch in S\u00fcdwesten bei mehr als f\u00fcnf Prozent und soll bis 2020 auf acht bis zehn Prozent steigen.<\/p>\n<p>Die Plantage in Bad Schussenried entsteht in Zusammenarbeit mit dem <a href=\"http:\/\/www.nabu-bw.de\/\" >Naturschutzbund Baden-W\u00fcrttemberg<\/a>. Es wird darauf geachtet, dass der Energiewald nicht in Form einer Monokultur entsteht. Auf Pestizide und Minerald\u00fcnger sollte verzichtet werden. F\u00fcr den Naturschutz ist au\u00dferdem wichtig, dass in Abschnitten gerodet wird, damit die Tiere rechtzeitig ihre Brutpl\u00e4tze verlegen k\u00f6nnen, wodurch der Energiewald zur Bereicherung der Artenvielfalt beitragen kann.<\/p>\n<p>(Vgl. Meldungen vom <a href=\"https:\/\/renewable-carbon.eu\/news\/rwe-innogy-legt-energieholzplantagen-an\/\" >2008-03-31<\/a>, <a href=\"https:\/\/renewable-carbon.eu\/news\/ueberkapazitaeten-bei-pelletproduzenten\/\" >2008-03-04<\/a> und <a href=\"https:\/\/renewable-carbon.eu\/news\/pellets-massiver-preisrueckgang-gegenueber-vorjahr\/\" >2008-02-13<\/a>.)<\/p>\n","protected":false},"excerpt":{"rendered":"<p><b>Mit der Pflanzung einer Kurzumtriebsplantage aus Weidenstecklingen in Bad Schussenried (Kreis Biberach) startet die Schellinger KG ein Projekt, bei dem in den n&auml;chsten f&uuml;nf Jahren<\/b><\/p>\n","protected":false},"author":3,"featured_media":0,"comment_status":"closed","ping_status":"closed","sticky":false,"template":"","format":"standard","meta":{"_seopress_robots_primary_cat":"","nova_meta_subtitle":"","footnotes":""},"categories":[5572],"tags":[],"supplier":[],"class_list":["post-10867","post","type-post","status-publish","format-standard","hentry","category-bio-based"],"_links":{"self":[{"href":"https:\/\/renewable-carbon.eu\/news\/wp-json\/wp\/v2\/posts\/10867","targetHints":{"allow":["GET"]}}],"collection":[{"href":"https:\/\/renewable-carbon.eu\/news\/wp-json\/wp\/v2\/posts"}],"about":[{"href":"https:\/\/renewable-carbon.eu\/news\/wp-json\/wp\/v2\/types\/post"}],"author":[{"embeddable":true,"href":"https:\/\/renewable-carbon.eu\/news\/wp-json\/wp\/v2\/users\/3"}],"replies":[{"embeddable":true,"href":"https:\/\/renewable-carbon.eu\/news\/wp-json\/wp\/v2\/comments?post=10867"}],"version-history":[{"count":0,"href":"https:\/\/renewable-carbon.eu\/news\/wp-json\/wp\/v2\/posts\/10867\/revisions"}],"wp:attachment":[{"href":"https:\/\/renewable-carbon.eu\/news\/wp-json\/wp\/v2\/media?parent=10867"}],"wp:term":[{"taxonomy":"category","embeddable":true,"href":"https:\/\/renewable-carbon.eu\/news\/wp-json\/wp\/v2\/categories?post=10867"},{"taxonomy":"post_tag","embeddable":true,"href":"https:\/\/renewable-carbon.eu\/news\/wp-json\/wp\/v2\/tags?post=10867"},{"taxonomy":"supplier","embeddable":true,"href":"https:\/\/renewable-carbon.eu\/news\/wp-json\/wp\/v2\/supplier?post=10867"}],"curies":[{"name":"wp","href":"https:\/\/api.w.org\/{rel}","templated":true}]}}