{"id":10865,"date":"2008-04-23T00:00:00","date_gmt":"2008-04-22T22:00:00","guid":{"rendered":"http:\/\/www.bio-based.eu\/news\/index.php?startid=20080423-07n"},"modified":"2008-04-23T00:00:00","modified_gmt":"2008-04-22T22:00:00","slug":"oslo-entscheidet-sich-fuer-die-methanisierung-der-staedtischen-abfaelle","status":"publish","type":"post","link":"https:\/\/renewable-carbon.eu\/news\/oslo-entscheidet-sich-fuer-die-methanisierung-der-staedtischen-abfaelle\/","title":{"rendered":"Oslo entscheidet sich f\u00fcr die Methanisierung der st\u00e4dtischen Abf\u00e4lle"},"content":{"rendered":"<p><b>Die Hauptstadt Norwegens startet die Umsetzung eines Biomethanisierungsprojektes. Auch wenn Norwegen \u00fcber betr\u00e4chtliche Energiequellen verf\u00fcgt, insbesondere \u00fcber wichtige Gasvorkommen, hat Oslo diese Wahl getroffen, um die st\u00e4dtische Abfallentsorgung zu l\u00f6sen und die CO<sub>2<\/sub>-Emissionen im st\u00e4dtischen Verkehr zu senken.<\/b><\/p>\n<p>Anl\u00e4\u00dflich des &#8220;Tages der Biogasmax-Freunde&#8221; (Bern, 30.01.08) stellte uns Helge Heier, Leiter der Energie-Abteilung der Osloer Stadtgemeinde, das Fortschreiten des Projektes vor. Dank politischer Unterst\u00fctzung wurden bereits Mittel f\u00fcr die Entwicklung der Aktionen zwischen 2007 und 2010 gew\u00e4hrt. Somit sollen bis Ende 2010 die Inbetriebnahme einer Anlage f\u00fcr die optische Trennung der Abf\u00e4lle (je nach Farbe der M\u00fclls\u00e4cke), der Bau einer Biomethanisierungsanlage sowie der Einsatz gasangetriebener Busse fertig sein.<\/p>\n<p>Rund 20 Vertreter der Stadt Oslo (gew\u00e4hlte Vertreter und Techniker) werden am 20. Mai 2008 die Anlagen in Lille besichtigen.<\/p>\n","protected":false},"excerpt":{"rendered":"<p><b>Die Hauptstadt Norwegens startet die Umsetzung eines Biomethanisierungsprojektes. Auch wenn Norwegen &uuml;ber betr&auml;chtliche Energiequellen verf&uuml;gt, insbesondere &uuml;ber wichtige Gasvorkommen, hat Oslo diese Wahl getroffen, um<\/b><\/p>\n","protected":false},"author":3,"featured_media":0,"comment_status":"closed","ping_status":"closed","sticky":false,"template":"","format":"standard","meta":{"_seopress_robots_primary_cat":"","nova_meta_subtitle":"","footnotes":""},"categories":[5572],"tags":[],"supplier":[],"class_list":["post-10865","post","type-post","status-publish","format-standard","hentry","category-bio-based"],"_links":{"self":[{"href":"https:\/\/renewable-carbon.eu\/news\/wp-json\/wp\/v2\/posts\/10865","targetHints":{"allow":["GET"]}}],"collection":[{"href":"https:\/\/renewable-carbon.eu\/news\/wp-json\/wp\/v2\/posts"}],"about":[{"href":"https:\/\/renewable-carbon.eu\/news\/wp-json\/wp\/v2\/types\/post"}],"author":[{"embeddable":true,"href":"https:\/\/renewable-carbon.eu\/news\/wp-json\/wp\/v2\/users\/3"}],"replies":[{"embeddable":true,"href":"https:\/\/renewable-carbon.eu\/news\/wp-json\/wp\/v2\/comments?post=10865"}],"version-history":[{"count":0,"href":"https:\/\/renewable-carbon.eu\/news\/wp-json\/wp\/v2\/posts\/10865\/revisions"}],"wp:attachment":[{"href":"https:\/\/renewable-carbon.eu\/news\/wp-json\/wp\/v2\/media?parent=10865"}],"wp:term":[{"taxonomy":"category","embeddable":true,"href":"https:\/\/renewable-carbon.eu\/news\/wp-json\/wp\/v2\/categories?post=10865"},{"taxonomy":"post_tag","embeddable":true,"href":"https:\/\/renewable-carbon.eu\/news\/wp-json\/wp\/v2\/tags?post=10865"},{"taxonomy":"supplier","embeddable":true,"href":"https:\/\/renewable-carbon.eu\/news\/wp-json\/wp\/v2\/supplier?post=10865"}],"curies":[{"name":"wp","href":"https:\/\/api.w.org\/{rel}","templated":true}]}}