{"id":10846,"date":"2008-05-05T00:00:00","date_gmt":"2008-05-04T22:00:00","guid":{"rendered":"http:\/\/www.bio-based.eu\/news\/index.php?startid=20080505-04n"},"modified":"2017-12-12T11:09:15","modified_gmt":"2017-12-12T10:09:15","slug":"furnifab-2008-natuerliche-werk-stoffe-neu-entdeckt","status":"publish","type":"post","link":"https:\/\/renewable-carbon.eu\/news\/furnifab-2008-natuerliche-werk-stoffe-neu-entdeckt\/","title":{"rendered":"Furnifab 2008 \u2013 Nat\u00fcrliche (Werk-)Stoffe neu entdeckt"},"content":{"rendered":"<p><b>Die <a href=\"http:\/\/www.furnifab.pl\/\">Furnifab Furniture Fabric Show<\/a> ist eine M\u00f6bel-Zulieferermesse mit dem Schwerpunkt Sitzpolster und Bez\u00fcge. Sie fand nunmehr zum sechsten Mal vom 1. bis 4. April 2008 statt, und damit zeitgleich mit der <a href=\"http:\/\/www.drema.pl\/\">Drema<\/a> und der <a href=\"http:\/\/www.furnica.pl\/\">Furnica<\/a>. Mit diesen drei parallelen Messen und begleitenden Sonderveranstaltungen waren quasi alle Bereiche der M\u00f6belherstellung in Pozna\u0144, dem Zentrum der polnischen M\u00f6belindustrie, vertreten.<\/b><\/p>\n<p><img decoding=\"async\" style=\"margin-right: 10px;\" src=\"https:\/\/renewable-carbon.eu\/news\/wp-content\/uploads\/news-images\/20080505-04\/08-04-02_3_FurniFab_CG_kl.jpg\" alt=\"08-04-02_3_FurniFab_CG_kl.jpg\" align=\"left\" border=\"0\" \/>&#8220;Auf der letzten Furnifab pr\u00e4sentierten sich 100 Unternehmen rund 2.500 Besuchern,&#8221; so Iwona Cerba, \u00f6rtliche Organisatorin der Messe; in diesem Jahr waren es sogar 108 Aussteller in zwei Hallen auf 5.400m<sup>2<\/sup>. Die Unternehmen kamen etwa zu gleichen Teilen aus Ost- und Westeuropa, darunter 42 aus Polen, 11 aus Deutschland \u2013 und sogar ein Aussteller aus Indonesien fand den Weg nach Polen. Durch Synergieeffekte aus den anderen M\u00f6belzuliefermessen wurden mehr als 4.000 Fachbesucher erwartet (die endg\u00fcltigen diesj\u00e4hrigen Statistiken lagen aber bis zum Redaktionsschluss noch nicht vor).<\/p>\n<p>W\u00e4hrend einzelne Aussteller der parallel stattfindenden Drema die zeitliche \u00dcberschneidung mit der Holz-Handwerk in N\u00fcrnberg bem\u00e4ngelten, zielte die Furnifab von Anfang an auf die regionalen Bed\u00fcrfnisse Osteuropas ab. Die FurniFab sieht sich dabei nicht nur als Messe und Handelsplattform, sondern auch als Innovations-Show. Unter dem Motto &#8220;Natural Fibres \u2013 rediscovered&#8221; pr\u00e4sentierte <a href=\"http:\/\/www.materialconnexion.de\/\">Material Connexion Cologne<\/a> die hauseigene Werkstoff-Sammlung und -Beratung des Messeveranstalters <a href=\"http:\/\/www.survey.info\/\">Survey Marketing + Consulting sp. z o.o., Pozna\u0144<\/a>, unterschiedliche Natur-Materialien und -Technologien f\u00fcr nachhaltiges M\u00f6beldesign. Mit dabei auch Holz-Polymerwerkstoffe (Wood-Plastic-Composites, WPC), die heute bereits als spritzgegossene Polstertr\u00e4ger oder als komplettes Sitzm\u00f6bel in Serie sind.<\/p>\n<p><img decoding=\"async\" style=\"margin-left: 10px;\" src=\"https:\/\/renewable-carbon.eu\/news\/wp-content\/uploads\/news-images\/20080505-04\/08-05-Cocos_CG.jpg\" alt=\"08-05-Cocos_CG.jpg\" align=\"right\" border=\"0\" \/><b>Biowerkstoffe \u2013 Altes neu entdecken<\/b><br \/>\nIn Zusammenarbeit mit der <a href=\"http:\/\/www.nova-institut.de\/nr\">nova-Institut GmbH (H\u00fcrth)<\/a> wurden die wichtigsten Trends und Optionen f\u00fcr Biowerkstoffe im M\u00f6belbau in einem Vortrag von Christian Gahle pr\u00e4sentiert und anschlie\u00dfend ausgiebig mit osteurop\u00e4ischen Fachleuten diskutiert. Dabei stellte sich heraus, dass neuartige, biobasierte Werkstoffe wie WPC, Naturfaserverst\u00e4rkte Kunststoffe oder Biokunststoffe (auch als Fasern oder Sch\u00e4ume) in der dortigen M\u00f6belindustrie und -forschung noch weitgehend unbekannt sind. Alte Verfahren und Technologien, wie beispielsweise Polstersysteme aus Rosshaar oder Naturfasern, konnten hier dagegen \u00fcberdauern: Die Naturfasern werden genadelt oder mit Naturlatex verbunden, und daraus entstehen Nadelkokos- oder Gummikokosmatten. Diese k\u00f6nnten ihrerseits angesichts des insgesamt gestiegenen Interesses an nat\u00fcrlichen Materialien auch f\u00fcr die westlichen M\u00f6belpolsterer interessante Alternativen zu synthetischen Sch\u00e4umen darstellen.<\/p>\n<p><b>Trend &#8220;Natural\u201d<\/b><br \/>\nNat\u00fcrliche Stoffe und Gewebe aus einheimischen Faserpflanzen sind neben &#8220;Magical Colour&#8221; und &#8220;Structural Design&#8221; einer der drei wichtigsten Trends, die Survey zusammen mit dem Designer <a href=\"http:\/\/www.borowinskidesign.eu\/\">Dr. Marek Borowinski<\/a> f\u00fcr die Saison 2008\/2009 ausgemacht haben. Auf einer entsprechenden Sonderausstellungsfl\u00e4che konnten die Besucher verschiedene Stoffe nicht nur anschauen, sondern auch anf\u00fchlen. Weich flie\u00dfende Seide, strapazierf\u00e4higes Leder, exotische Bambusfaser-Textilien. Doch die Natur ist nicht nur Lieferant f\u00fcr Rohmaterialien, sondern auch Inspiration f\u00fcr die Gestaltung: Holz, Stein, Wolle, ja sogar Landschaften, dienen als Designoption f\u00fcr Strukturen, Farben und Formen. Sie liefern warmes, Energie spendendes Orange und sanftes Beige; Farben, die in den vielf\u00e4ltigsten Mustern angeordnet werden und so v\u00f6llig unterschiedliche Wirkung entfalten k\u00f6nnen.<\/p>\n<p>Insgesamt ist die Furnifab ein lokales Ereignis mit europ\u00e4ischem Anspruch. Der Besucher erh\u00e4lt neben interessanten Kontakten auch freien Zugang zu Trends und Innovationen \u2013 weit \u00fcber den (polnischen) Tellerrand hinaus.<\/p>\n<p><b>Weiteres Bildmaterial<\/b><\/p>\n<ul>\n<li><a href=\"https:\/\/renewable-carbon.eu\/news\/wp-content\/uploads\/news-images\/20080505-04\/08-05-05_FurniFab_2008_Bilder_CG.pdf\">FurniFab 2008 Bilder<\/a><\/li>\n<\/ul>\n<p>(Vgl. Meldung vom <a href=\"https:\/\/renewable-carbon.eu\/news\/moebeltrends-naturfasern-und-obstholz-im-kommen\/\">2008-01-10<\/a>.)<\/p>\n","protected":false},"excerpt":{"rendered":"<p><b>Die Furnifab Furniture Fabric Show ist eine M&ouml;bel-Zulieferermesse mit dem Schwerpunkt Sitzpolster und Bez&uuml;ge. Sie fand nunmehr zum sechsten Mal vom 1. bis 4. April<\/b><\/p>\n","protected":false},"author":3,"featured_media":0,"comment_status":"closed","ping_status":"closed","sticky":false,"template":"","format":"standard","meta":{"_seopress_robots_primary_cat":"","nova_meta_subtitle":"","footnotes":""},"categories":[5572],"tags":[],"supplier":[],"class_list":["post-10846","post","type-post","status-publish","format-standard","hentry","category-bio-based"],"_links":{"self":[{"href":"https:\/\/renewable-carbon.eu\/news\/wp-json\/wp\/v2\/posts\/10846","targetHints":{"allow":["GET"]}}],"collection":[{"href":"https:\/\/renewable-carbon.eu\/news\/wp-json\/wp\/v2\/posts"}],"about":[{"href":"https:\/\/renewable-carbon.eu\/news\/wp-json\/wp\/v2\/types\/post"}],"author":[{"embeddable":true,"href":"https:\/\/renewable-carbon.eu\/news\/wp-json\/wp\/v2\/users\/3"}],"replies":[{"embeddable":true,"href":"https:\/\/renewable-carbon.eu\/news\/wp-json\/wp\/v2\/comments?post=10846"}],"version-history":[{"count":0,"href":"https:\/\/renewable-carbon.eu\/news\/wp-json\/wp\/v2\/posts\/10846\/revisions"}],"wp:attachment":[{"href":"https:\/\/renewable-carbon.eu\/news\/wp-json\/wp\/v2\/media?parent=10846"}],"wp:term":[{"taxonomy":"category","embeddable":true,"href":"https:\/\/renewable-carbon.eu\/news\/wp-json\/wp\/v2\/categories?post=10846"},{"taxonomy":"post_tag","embeddable":true,"href":"https:\/\/renewable-carbon.eu\/news\/wp-json\/wp\/v2\/tags?post=10846"},{"taxonomy":"supplier","embeddable":true,"href":"https:\/\/renewable-carbon.eu\/news\/wp-json\/wp\/v2\/supplier?post=10846"}],"curies":[{"name":"wp","href":"https:\/\/api.w.org\/{rel}","templated":true}]}}