{"id":10842,"date":"2008-05-06T00:00:00","date_gmt":"2008-05-05T22:00:00","guid":{"rendered":"http:\/\/www.bio-based.eu\/news\/index.php?startid=20080506-03n"},"modified":"2008-05-06T00:00:00","modified_gmt":"2008-05-05T22:00:00","slug":"baustoff-holz-stark-vertreten-auf-der-bau-2009","status":"publish","type":"post","link":"https:\/\/renewable-carbon.eu\/news\/baustoff-holz-stark-vertreten-auf-der-bau-2009\/","title":{"rendered":"Baustoff Holz stark vertreten auf der BAU 2009"},"content":{"rendered":"<p><b>Auf der <a href=\"http:\/\/www.bau-muenchen.com\/\" >Fachmesse BAU<\/a> spielt der der Baustoff Holz traditionell eine tragende Rolle &#8211; auch auf der BAU 2009 wird sich daran nicht \u00e4ndern. Die Holzindustrie zeigt auf der vom 12. bis 17. Januar 2009 auf dem Gel\u00e4nde der Neuen Messe M\u00fcnchen stattfindenen Veranstaltung, was Holz kann und attraktiv macht. F\u00fcr Fachbesucher geht es in der Halle B5 um konstruktiven Holzbau ebenso wie um Innenausbau und um Holzwerkstoffe, Fenster und T\u00fcren aus Holz werden in den Hallen C3, C4 und B4 vorgestellt und Parkettfu\u00dfb\u00f6den sind in Halle B6 zu finden w\u00e4hrend Dachbaustoffe inklusive Dachfenster in der Halle A3 pr\u00e4sentiert werden.<\/b><\/p>\n<p>&#8220;Seit Themen wie Energie, Nachhaltigkeit und \u00d6kologie auch beim Bauen eine immer gr\u00f6\u00dfere Rolle spielen, boomt der Baustoff Holz&#8221;, erkl\u00e4rt Projektgruppenleiter Markus Geisenberger gegen\u00fcber dem Fordaq Network. &#8220;Die Nachfrage ist auf Aussteller-Seite so gro\u00df, dass wir M\u00fche haben, alle W\u00fcnsche zu erf\u00fcllen. Die BAU wird alle Facetten der Verwendung von Holz am Bau pr\u00e4sentieren.&#8221;<\/p>\n<p>Bei den Besuchern stehen die Themen Holzbau und Holzwerkstoffe traditionell hoch im Kurs. Bei der anl\u00e4sslich der BAU 2007 von <a href=\"http:\/\/www.tns-infratest.com\/\" >TNS Infratest<\/a> durchgef\u00fchrten Besucherbefragung erkl\u00e4rten 34% der Besucher, den Bereich Holzwerkstoffe und konstruktiver Holzbau besucht zu haben. Damit f\u00fchrte Holz in der Beliebtheit der Besucher gegen\u00fcber allen anderen Baustoffen. 87% der befragten Besucher bewerteten diesen Ausstellungsbereich mit &#8220;ausgezeichnet bis gut&#8221;.<\/p>\n<p>(Vgl. Meldungen vom <a href=\"https:\/\/renewable-carbon.eu\/news\/studie-baustoff-holz-mit-positivem-verbraucher-image\/\" >2007-12-20<\/a> und <a href=\"https:\/\/renewable-carbon.eu\/news\/parkettherstellung-in-deutschland-waechst\/\" >2007-12-20<\/a>.)<\/p>\n","protected":false},"excerpt":{"rendered":"<p><b>Auf der Fachmesse BAU spielt der der Baustoff Holz traditionell eine tragende Rolle &#8211; auch auf der BAU 2009 wird sich daran nicht &auml;ndern. Die<\/b><\/p>\n","protected":false},"author":3,"featured_media":0,"comment_status":"closed","ping_status":"closed","sticky":false,"template":"","format":"standard","meta":{"_seopress_robots_primary_cat":"","nova_meta_subtitle":"","footnotes":""},"categories":[5572],"tags":[],"supplier":[],"class_list":["post-10842","post","type-post","status-publish","format-standard","hentry","category-bio-based"],"_links":{"self":[{"href":"https:\/\/renewable-carbon.eu\/news\/wp-json\/wp\/v2\/posts\/10842","targetHints":{"allow":["GET"]}}],"collection":[{"href":"https:\/\/renewable-carbon.eu\/news\/wp-json\/wp\/v2\/posts"}],"about":[{"href":"https:\/\/renewable-carbon.eu\/news\/wp-json\/wp\/v2\/types\/post"}],"author":[{"embeddable":true,"href":"https:\/\/renewable-carbon.eu\/news\/wp-json\/wp\/v2\/users\/3"}],"replies":[{"embeddable":true,"href":"https:\/\/renewable-carbon.eu\/news\/wp-json\/wp\/v2\/comments?post=10842"}],"version-history":[{"count":0,"href":"https:\/\/renewable-carbon.eu\/news\/wp-json\/wp\/v2\/posts\/10842\/revisions"}],"wp:attachment":[{"href":"https:\/\/renewable-carbon.eu\/news\/wp-json\/wp\/v2\/media?parent=10842"}],"wp:term":[{"taxonomy":"category","embeddable":true,"href":"https:\/\/renewable-carbon.eu\/news\/wp-json\/wp\/v2\/categories?post=10842"},{"taxonomy":"post_tag","embeddable":true,"href":"https:\/\/renewable-carbon.eu\/news\/wp-json\/wp\/v2\/tags?post=10842"},{"taxonomy":"supplier","embeddable":true,"href":"https:\/\/renewable-carbon.eu\/news\/wp-json\/wp\/v2\/supplier?post=10842"}],"curies":[{"name":"wp","href":"https:\/\/api.w.org\/{rel}","templated":true}]}}