{"id":10841,"date":"2008-05-06T00:00:00","date_gmt":"2008-05-05T22:00:00","guid":{"rendered":"http:\/\/www.bio-based.eu\/news\/index.php?startid=20080506-05n"},"modified":"2008-05-06T00:00:00","modified_gmt":"2008-05-05T22:00:00","slug":"lab-e-v-bedauert-die-verschiebung-von-bioethanol-e-10-als-standardbenzinsorte","status":"publish","type":"post","link":"https:\/\/renewable-carbon.eu\/news\/lab-e-v-bedauert-die-verschiebung-von-bioethanol-e-10-als-standardbenzinsorte\/","title":{"rendered":"LAB e.V. bedauert die Verschiebung von Bioethanol-E 10 als Standardbenzinsorte"},"content":{"rendered":"<p><b>Der Verband der deutschen Bioethanolwirtschaft Landwirtschaftliche Biokraftstoffe e.V. (<a href=\"http:\/\/[www.lab-biokraftstoffe.de\/\" >LAB<\/a>) bedauert die Entscheidung von Bundesminister Gabriel vom 4. April 2008, die geplante Verordnung zur Einf\u00fchrung von Benzin mit 10% Bioethanolanteil (E 10) zur\u00fcckzunehmen.<\/b><\/p>\n<p>LAB-Vorsitzender Norbert Schindler erkl\u00e4rte dazu in Berlin: &#8220;Jetzt sind Autoindustrie und Mineral\u00f6lwirtschaft in der Pflicht, ohne weitere Verz\u00f6gerungen ein tragf\u00e4higes Konzept f\u00fcr E 10 vorzulegen&#8221;. Schindler forderte, dass die noch immer ausstehende Kl\u00e4rung der Tauglichkeit von Importautos f\u00fcr E 10 schnellstm\u00f6glich erfolgen m\u00fcsse. An die Adresse der Mineral\u00f6lwirtschaft betonte er: &#8220;Kein Autofahrer darf durch die Abschaffung von Normalbenzin zum Wechsel auf das hochpreisige Super Plus gezwungen werden&#8221;. Neben Super Plus m\u00fcsse auch Benzin mit maximal 5% Bioethanolanteil als f\u00fcr alle Autos vertr\u00e4gliche Kraftstoffsorte weiter angeboten werden.<\/p>\n<p>In der aktuellen \u00f6ffentlichen Diskussion sei klar geworden, dass bislang die Nachhaltigkeit von Bioethanol nur bei Verwendung heimischer Rohstoffe gew\u00e4hrleistet sei. Schindler erkl\u00e4rte: &#8220;Die Verwendung heimischer Rohstoffe f\u00f6rdert zudem die l\u00e4ndlichen R\u00e4ume und verbessert die Versorgungssicherheit&#8221;. Er unterst\u00fctzte die Initiative von Bundesminister Gabriel f\u00fcr eine auch bei importierten Biokraftstoffen wirksame EU-Nachhaltigkeitsregelung ausdr\u00fccklich. Er forderte, dass Nachhaltigkeit nicht nur bei Biokraftstoffen l\u00fcckenlos gew\u00e4hrleistet werden m\u00fcsse. Es gehe nicht an, dass in anderen Bereichen wie Speise\u00f6le und Futtermittel bislang zum Beispiel der Schutz des Regenwaldes keine Rolle spiele.<\/p>\n<p>(Vgl. Meldungen vom <a href=\"https:\/\/renewable-carbon.eu\/news\/ethanol-aus-deutschland-ist-bereits-nachhaltig\/\" >2008-04-30<\/a> und <a href=\"https:\/\/renewable-carbon.eu\/news\/forderungen-nach-aussetzen-des-biokraftstoff-ziels-werden-lauter\/\" >2008-04-17<\/a>.)<\/p>\n","protected":false},"excerpt":{"rendered":"<p><b>Der Verband der deutschen Bioethanolwirtschaft Landwirtschaftliche Biokraftstoffe e.V. (LAB) bedauert die Entscheidung von Bundesminister Gabriel vom 4. April 2008, die geplante Verordnung zur Einf&uuml;hrung von<\/b><\/p>\n","protected":false},"author":3,"featured_media":0,"comment_status":"closed","ping_status":"closed","sticky":false,"template":"","format":"standard","meta":{"_seopress_robots_primary_cat":"","nova_meta_subtitle":"","footnotes":""},"categories":[5572],"tags":[],"supplier":[],"class_list":["post-10841","post","type-post","status-publish","format-standard","hentry","category-bio-based"],"_links":{"self":[{"href":"https:\/\/renewable-carbon.eu\/news\/wp-json\/wp\/v2\/posts\/10841","targetHints":{"allow":["GET"]}}],"collection":[{"href":"https:\/\/renewable-carbon.eu\/news\/wp-json\/wp\/v2\/posts"}],"about":[{"href":"https:\/\/renewable-carbon.eu\/news\/wp-json\/wp\/v2\/types\/post"}],"author":[{"embeddable":true,"href":"https:\/\/renewable-carbon.eu\/news\/wp-json\/wp\/v2\/users\/3"}],"replies":[{"embeddable":true,"href":"https:\/\/renewable-carbon.eu\/news\/wp-json\/wp\/v2\/comments?post=10841"}],"version-history":[{"count":0,"href":"https:\/\/renewable-carbon.eu\/news\/wp-json\/wp\/v2\/posts\/10841\/revisions"}],"wp:attachment":[{"href":"https:\/\/renewable-carbon.eu\/news\/wp-json\/wp\/v2\/media?parent=10841"}],"wp:term":[{"taxonomy":"category","embeddable":true,"href":"https:\/\/renewable-carbon.eu\/news\/wp-json\/wp\/v2\/categories?post=10841"},{"taxonomy":"post_tag","embeddable":true,"href":"https:\/\/renewable-carbon.eu\/news\/wp-json\/wp\/v2\/tags?post=10841"},{"taxonomy":"supplier","embeddable":true,"href":"https:\/\/renewable-carbon.eu\/news\/wp-json\/wp\/v2\/supplier?post=10841"}],"curies":[{"name":"wp","href":"https:\/\/api.w.org\/{rel}","templated":true}]}}