{"id":10838,"date":"2008-05-07T00:00:00","date_gmt":"2008-05-06T22:00:00","guid":{"rendered":"http:\/\/www.bio-based.eu\/news\/index.php?startid=20080507-05n"},"modified":"2008-05-07T00:00:00","modified_gmt":"2008-05-06T22:00:00","slug":"experten-wollen-weitere-foerderung-erneuerbarer-energien-im-strombereich","status":"publish","type":"post","link":"https:\/\/renewable-carbon.eu\/news\/experten-wollen-weitere-foerderung-erneuerbarer-energien-im-strombereich\/","title":{"rendered":"Experten wollen weitere F\u00f6rderung erneuerbarer Energien im Strombereich"},"content":{"rendered":"<p><b>F\u00fcr weitere Anreize zur F\u00f6rderung erneuerbarer Energien im Strombereich hat sich die Mehrheit der Sachverst\u00e4ndigen bei einer Anh\u00f6rung des Umweltausschusses am 5. Mai 2008 ausgesprochen. Die Novelle des Gesetzentwurfs zur Neuregelung des Rechts der Erneuerbaren Energien im Strombereich, mit dem die Bundesregierung den Anteil dieser Energietr\u00e4ger bis zum Jahr 2020 auf 25 bis 30 Prozent erh\u00f6hen will, wurde von vielen Experten im Grundsatz als positiv bewertet, sollte aber in Detailfragen noch weiter optimiert werden.<\/b><\/p>\n<p>Als eine wichtige Voraussetzung zur St\u00e4rkung der alternativen Energietr\u00e4ger forderte Wilfried K\u00f6plin vom <a href=\"http:\/\/www.vci.de\/\" >Verband der Chemischen Industrie<\/a> eine Synchronisation zwischen dem Ausbau der erneuerbaren Energien und den jeweiligen Netzen. &#8220;Wir brauchen deutlich beschleunigte Genehmigungsverfahren&#8221;, sagte er. Gleichzeitig verwies er darauf, dass bereits jetzt in Deutschland die h\u00f6chsten Endnutzungsentgelte gezahlt werden m\u00fcssten.<\/p>\n<p><b>Ausbauziel schwer erreichbar<\/b><br \/>Auch Werner Diwald, Gesch\u00e4ftsf\u00fchrer der <a href=\"http:\/\/www.enertrag.com\/\" >ENERTRAG<\/a> stellte fest, dass der Ausbau der Stromnetze nicht mit dem Ausbau der erneuerbaren Energien Schritt gehalten habe. Das von der Bundesregierung avisierte Ausbauziel sei daher nur mit einem erheblich h\u00f6heren Anteil an Windenergie zu erreichen. Zudem m\u00fcssten unterschiedliche Anwendungsarten in diesem Bereich besser miteinander kombiniert werden. &#8220;Wir brauchen eine Basisverg\u00fctung f\u00fcr Strom aus erneuerbaren Energien&#8221;, erkl\u00e4rte er.<\/p>\n<p><b>Deutschland spielt Vorreiterrolle<\/b><br \/>Nach Meinung des unabh\u00e4ngigen Sachverst\u00e4ndigen Johannes Lackmann sind die Regelungen des Eneuerbare-Energien-Gesetzes (EEG) zwar insgesamt komplexer geworden, diese Differenzierungen h\u00e4tten sich in der Praxis jedoch bew\u00e4hrt. Frithjof Stai\u00df vom <a href=\"http:\/\/www.zsw-bw.de\/\" >Zentrum f\u00fcr Sonnenenergie- und Wasserstoffforschung<\/a> verwies auf die Vorreiterrolle Deutschlands im Bereich der erneuerbaren Energien und pl\u00e4dierte f\u00fcr weitergehende Ausbauziele. Er hob die Bedeutung dieser Energietr\u00e4ger und der entsprechenden Technologien f\u00fcr den Export hervor. Erneuerbare Energien, so Stai\u00df, seien &#8220;heimische Energien&#8221; und w\u00fcrden damit einen positiven Effekt auf die weitere Wertsch\u00f6pfungskette haben.<\/p>\n<p>Hinsichtlich des Umweltschutzes nannte Prof. Klaus Traube vom <a href=\"http:\/\/www.dnr.de\/\" >Deutschen Naturschutzring<\/a> den Ausbau der erneuerbaren Energien die &#8220;unumstritten wichtigste S\u00e4ule der nachhaltigen Energieversorgung&#8221;. Er verwies jedoch darauf, dass der Ausbau der Wasserkraft \u00f6kologisch besonders empfindlich sei.<\/p>\n<p><b>Hoffnungstr\u00e4ger Fotovoltaik<\/b><br \/>Als gro\u00dfen Hoffnungstr\u00e4ger bei den erneuerbaren Energien hoben eine Reihe von Sachverst\u00e4ndigen die Bedeutung die Fotovoltaik hervor. Sie sei, so Johannes Lackmann, &#8220;eine Perle unter den erneuerbaren Energien&#8221;. Prof. Eicke Weber vom <a href=\"http:\/\/www.ise.fraunhofer.de\/\" >Fraunhofer Institut f\u00fcr Solare Energiesysteme<\/a> erkl\u00e4rte, dass die Fotovoltaik zwar die teuerste, aber auch die wichtigste unter den erneuerbaren Energien sei. Er lobte, dass sich das deutsche EEG in der Welt als beispielhaft erwiesen habe. Nachdem Deutschland bei anderen Technologien den H\u00f6hepunkt in anderen Forschungsbereichen wie der Nanotechnologie oder der Biotechnologie nicht erreicht habe, l\u00e4ge es bei den erneuerbaren Energien an der Spitze: &#8220;Das ist die Welle auf der Deutschland es geschafft hat, genau auf der Spitze zu surfen.&#8221;<\/p>\n<p><b>Weitere Informationen<\/b><br \/><a href=\"http:\/\/www.bundestag.de\/ausschuesse\/a16\/anhoerungen\/64_sitzung_05_05_2008\/index.html\" >Tagesordnung und Stellungnahmen der Experten zur Anh\u00f6rung am 2008-05-05.<\/a><\/p>\n<p>(Vgl. Meldungen vom <a href=\"https:\/\/renewable-carbon.eu\/news\/bmu-strom-aus-biomasse-hat-wasserkraft-ueberholt\/\" >2008-03-14<\/a> und <a href=\"https:\/\/renewable-carbon.eu\/news\/erneuerbare-energien-2007-rekordwerte-trotz-gebremsten-wachstums\/\" >2008-01-08<\/a>.)<\/p>\n","protected":false},"excerpt":{"rendered":"<p><b>F&uuml;r weitere Anreize zur F&ouml;rderung erneuerbarer Energien im Strombereich hat sich die Mehrheit der Sachverst&auml;ndigen bei einer Anh&ouml;rung des Umweltausschusses am 5. Mai 2008 ausgesprochen.<\/b><\/p>\n","protected":false},"author":3,"featured_media":0,"comment_status":"closed","ping_status":"closed","sticky":false,"template":"","format":"standard","meta":{"_seopress_robots_primary_cat":"","nova_meta_subtitle":"","footnotes":""},"categories":[5572],"tags":[],"supplier":[],"class_list":["post-10838","post","type-post","status-publish","format-standard","hentry","category-bio-based"],"_links":{"self":[{"href":"https:\/\/renewable-carbon.eu\/news\/wp-json\/wp\/v2\/posts\/10838","targetHints":{"allow":["GET"]}}],"collection":[{"href":"https:\/\/renewable-carbon.eu\/news\/wp-json\/wp\/v2\/posts"}],"about":[{"href":"https:\/\/renewable-carbon.eu\/news\/wp-json\/wp\/v2\/types\/post"}],"author":[{"embeddable":true,"href":"https:\/\/renewable-carbon.eu\/news\/wp-json\/wp\/v2\/users\/3"}],"replies":[{"embeddable":true,"href":"https:\/\/renewable-carbon.eu\/news\/wp-json\/wp\/v2\/comments?post=10838"}],"version-history":[{"count":0,"href":"https:\/\/renewable-carbon.eu\/news\/wp-json\/wp\/v2\/posts\/10838\/revisions"}],"wp:attachment":[{"href":"https:\/\/renewable-carbon.eu\/news\/wp-json\/wp\/v2\/media?parent=10838"}],"wp:term":[{"taxonomy":"category","embeddable":true,"href":"https:\/\/renewable-carbon.eu\/news\/wp-json\/wp\/v2\/categories?post=10838"},{"taxonomy":"post_tag","embeddable":true,"href":"https:\/\/renewable-carbon.eu\/news\/wp-json\/wp\/v2\/tags?post=10838"},{"taxonomy":"supplier","embeddable":true,"href":"https:\/\/renewable-carbon.eu\/news\/wp-json\/wp\/v2\/supplier?post=10838"}],"curies":[{"name":"wp","href":"https:\/\/api.w.org\/{rel}","templated":true}]}}