{"id":10825,"date":"2008-05-13T00:00:00","date_gmt":"2008-05-12T22:00:00","guid":{"rendered":"http:\/\/www.bio-based.eu\/news\/index.php?startid=20080513-04n"},"modified":"2008-05-13T00:00:00","modified_gmt":"2008-05-12T22:00:00","slug":"zulassung-der-gmo-kartoffel-amflora-weiter-verzoegert","status":"publish","type":"post","link":"https:\/\/renewable-carbon.eu\/news\/zulassung-der-gmo-kartoffel-amflora-weiter-verzoegert\/","title":{"rendered":"Zulassung der GMO-Kartoffel Amflora weiter verz\u00f6gert"},"content":{"rendered":"<p><b>Die EU-Kommission hat eine Reihe ausstehender Genehmigungen f\u00fcr die zur industriellen St\u00e4rkeverwertung gez\u00fcchtete Kartoffelsorte &#8220;Amflora&#8221; und zwei weitere gentechnische ver\u00e4nderte Organismen (GVOs) an die Europ\u00e4ische Beh\u00f6rde f\u00fcr Lebensmittelsicherheit der Union (<a href=\"http:\/\/www.efsa.europa.eu\/\" >EFSA<\/a>) zur\u00fcckverwiesen. Diese soll nun weitere wissenschaftliche Erkenntnisse \u00fcber die m\u00f6glichen Folgen von GVOs auf Umwelt und Gesundheit \u00fcberpr\u00fcfen. Damit verz\u00f6gert sich die endg\u00fcltige Entscheidung \u00fcber eine Zulassung dieser Sorten weiter, bis die EFSA ihre bereits zuvor geh\u00f6rte positive Einsch\u00e4tzung zur Zulassung mit weiteren wissenschaftlichen Belegen untermauert hat.<\/b><\/p>\n<p>Bisher konnte in der Kommission kein Konsens \u00fcber die Zulassung dieser GMO erzielt werden. Die EFSA soll nun unter anderem weitere wissenschaftliche Hinweise zu Auswirkungen von Amflora und den gentechnisch ver\u00e4nderten Hybridmaissorten auf Umwelt und menschliche Gesundheit auswerten.   <\/p>\n<p>Erwartungsgem\u00e4\u00df kritisierte der Europ\u00e4ische Industrieverband Biotechnologie (<a href=\"http:\/\/www.europabio.org\/\" >EuropaBio<\/a>) die Entscheidung. &#8220;Europa h\u00e4lt eine gut etablierte Technologie auf und riskiert seine eigene Glaubw\u00fcrdigkeit,&#8221; so der Verband. Der Umweltverband <a href=\"http:\/\/www.foe.org\/\" >Friends of the Earth<\/a> begr\u00fc\u00dfte den Entschluss, bisherigen EFSA-Meinungen nicht zu folgen. Anstelle einer weiteren Verz\u00f6gerung des Prozesses um zwei Jahe h\u00e4tte der europ\u00e4ische Umweltverband eine Ablehnung der EFSA-Position bereits jetzt vorgezogen.<\/p>\n<p><b>Weitere Informationen<\/b><br \/><a href=\"http:\/\/www.euractiv.com\/de\/umwelt\/zulassung-gentechnisch-veranderten-pflanzen-kommission-zogert\/article-172237\" >Zulassung von gentechnisch ver\u00e4nderten Pflanzen: Kommission z\u00f6gert<\/a> (Euractiv.com vom 2008-05-08).<\/p>\n<p>(Vgl. Meldungen vom <a href=\"https:\/\/renewable-carbon.eu\/news\/basf-setzt-auf-lizenzgebuehren-fuer-gentech-kartoffel\/\" >2007-08-03<\/a> und <a href=\"https:\/\/renewable-carbon.eu\/news\/eu-kommission-wird-gvo-staerkekartoffel-zulassen\/\" >2007-07-24<\/a>.)<\/p>\n","protected":false},"excerpt":{"rendered":"<p><b>Die EU-Kommission hat eine Reihe ausstehender Genehmigungen f&uuml;r die zur industriellen St&auml;rkeverwertung gez&uuml;chtete Kartoffelsorte &#8220;Amflora&#8221; und zwei weitere gentechnische ver&auml;nderte Organismen (GVOs) an die Europ&auml;ische<\/b><\/p>\n","protected":false},"author":3,"featured_media":0,"comment_status":"closed","ping_status":"closed","sticky":false,"template":"","format":"standard","meta":{"_seopress_robots_primary_cat":"","nova_meta_subtitle":"","footnotes":""},"categories":[5572],"tags":[],"supplier":[],"class_list":["post-10825","post","type-post","status-publish","format-standard","hentry","category-bio-based"],"_links":{"self":[{"href":"https:\/\/renewable-carbon.eu\/news\/wp-json\/wp\/v2\/posts\/10825","targetHints":{"allow":["GET"]}}],"collection":[{"href":"https:\/\/renewable-carbon.eu\/news\/wp-json\/wp\/v2\/posts"}],"about":[{"href":"https:\/\/renewable-carbon.eu\/news\/wp-json\/wp\/v2\/types\/post"}],"author":[{"embeddable":true,"href":"https:\/\/renewable-carbon.eu\/news\/wp-json\/wp\/v2\/users\/3"}],"replies":[{"embeddable":true,"href":"https:\/\/renewable-carbon.eu\/news\/wp-json\/wp\/v2\/comments?post=10825"}],"version-history":[{"count":0,"href":"https:\/\/renewable-carbon.eu\/news\/wp-json\/wp\/v2\/posts\/10825\/revisions"}],"wp:attachment":[{"href":"https:\/\/renewable-carbon.eu\/news\/wp-json\/wp\/v2\/media?parent=10825"}],"wp:term":[{"taxonomy":"category","embeddable":true,"href":"https:\/\/renewable-carbon.eu\/news\/wp-json\/wp\/v2\/categories?post=10825"},{"taxonomy":"post_tag","embeddable":true,"href":"https:\/\/renewable-carbon.eu\/news\/wp-json\/wp\/v2\/tags?post=10825"},{"taxonomy":"supplier","embeddable":true,"href":"https:\/\/renewable-carbon.eu\/news\/wp-json\/wp\/v2\/supplier?post=10825"}],"curies":[{"name":"wp","href":"https:\/\/api.w.org\/{rel}","templated":true}]}}