{"id":10823,"date":"2008-05-14T00:00:00","date_gmt":"2008-05-13T22:00:00","guid":{"rendered":"http:\/\/www.bio-based.eu\/news\/index.php?startid=20080514-02n"},"modified":"2008-05-14T00:00:00","modified_gmt":"2008-05-13T22:00:00","slug":"bio-verbundfolie-als-alternative-zu-pp-und-metallisierten-kunststoffverbunden","status":"publish","type":"post","link":"https:\/\/renewable-carbon.eu\/news\/bio-verbundfolie-als-alternative-zu-pp-und-metallisierten-kunststoffverbunden\/","title":{"rendered":"Bio-Verbundfolie als Alternative zu PP und metallisierten Kunststoffverbunden"},"content":{"rendered":"<p><b><a href=\"http:\/\/www.alcanpackaging-singen.de\/\" >Alcan Packaging<\/a> hat f\u00fcr den britischen M\u00fceslihersteller Jordans eine Verpackung aus einer bedruckten, kompostierbaren Verbundfolie entwickelt. Laut Alcan Packaging soll es sich um eine der ersten Verbunde aus bioabbaubaren Folien in Europa handeln. Die Firma bezeichnet die Folie als Alternative zu Folien aus Polypropylen und metallisierten Kunststoffverbunden.<\/b><\/p>\n<p>Die Verbundfolie wurde in drei j\u00e4hriger Arbeit im Alcan-Werk in Dublin, Irland, entwickelt und wird dort auch hergestellt Die Folie, die Druckfarben und die Klebstoffe, die bei der Verpackungsherstellung verwendet werden, entsprechen DIN EN 13432, einer europ\u00e4ischen Norm f\u00fcr kompostierbare und biologisch abbaubare Verpackungen.<\/p>\n<p>Der Verbund besteht aus zwei zertifizierten und kompostierbaren Folien. Die \u00e4ussere Schicht wird aus GM-freiem Zellstoff und die innere Schicht aus GM-freier Speisest\u00e4rke hergestellt. Die fertige Verpackung hat das gleiche Aussehen und eine vergleichbare Haptik wie Kunststofffolien sowie eine gl\u00e4nzende, bedruckbare Oberfl\u00e4che.<\/p>\n<p>Die Verpackung ist biologisch abbaubar und f\u00fcr industrielle Kompostierungsanlagen geeignet. Diese Verpackung wurde zusammen mit der Wiedereinf\u00fchrung der Linie organischen M\u00fceslis von Jordans eingef\u00fchrt. Laut Rachel Kerr von Jordans ist der Bioverbund ideal f\u00fcr die Verpackung von Lebensmitteln, da er optische Wirkung mit guten Barriereeigenschaften verbinde. Ausserdem ber\u00fccksichtige diese Entwicklung die heutigen Bedenken hinsichtlich Verpackung und Entsorgung.<\/p>\n<p>(Vgl. Meldung vom <a href=\"https:\/\/renewable-carbon.eu\/news\/nova-kongressbericht-biopolymere-in-folienanwendungen\/\" >2008-03-10<\/a>.)<\/p>\n","protected":false},"excerpt":{"rendered":"<p><b>Alcan Packaging hat f&uuml;r den britischen M&uuml;eslihersteller Jordans eine Verpackung aus einer bedruckten, kompostierbaren Verbundfolie entwickelt. Laut Alcan Packaging soll es sich um eine der<\/b><\/p>\n","protected":false},"author":3,"featured_media":0,"comment_status":"closed","ping_status":"closed","sticky":false,"template":"","format":"standard","meta":{"_seopress_robots_primary_cat":"","nova_meta_subtitle":"","footnotes":""},"categories":[5572],"tags":[],"supplier":[],"class_list":["post-10823","post","type-post","status-publish","format-standard","hentry","category-bio-based"],"_links":{"self":[{"href":"https:\/\/renewable-carbon.eu\/news\/wp-json\/wp\/v2\/posts\/10823","targetHints":{"allow":["GET"]}}],"collection":[{"href":"https:\/\/renewable-carbon.eu\/news\/wp-json\/wp\/v2\/posts"}],"about":[{"href":"https:\/\/renewable-carbon.eu\/news\/wp-json\/wp\/v2\/types\/post"}],"author":[{"embeddable":true,"href":"https:\/\/renewable-carbon.eu\/news\/wp-json\/wp\/v2\/users\/3"}],"replies":[{"embeddable":true,"href":"https:\/\/renewable-carbon.eu\/news\/wp-json\/wp\/v2\/comments?post=10823"}],"version-history":[{"count":0,"href":"https:\/\/renewable-carbon.eu\/news\/wp-json\/wp\/v2\/posts\/10823\/revisions"}],"wp:attachment":[{"href":"https:\/\/renewable-carbon.eu\/news\/wp-json\/wp\/v2\/media?parent=10823"}],"wp:term":[{"taxonomy":"category","embeddable":true,"href":"https:\/\/renewable-carbon.eu\/news\/wp-json\/wp\/v2\/categories?post=10823"},{"taxonomy":"post_tag","embeddable":true,"href":"https:\/\/renewable-carbon.eu\/news\/wp-json\/wp\/v2\/tags?post=10823"},{"taxonomy":"supplier","embeddable":true,"href":"https:\/\/renewable-carbon.eu\/news\/wp-json\/wp\/v2\/supplier?post=10823"}],"curies":[{"name":"wp","href":"https:\/\/api.w.org\/{rel}","templated":true}]}}