{"id":10822,"date":"2008-05-14T00:00:00","date_gmt":"2008-05-13T22:00:00","guid":{"rendered":"http:\/\/www.bio-based.eu\/news\/index.php?startid=20080514-04n"},"modified":"2008-05-14T00:00:00","modified_gmt":"2008-05-13T22:00:00","slug":"suedtirol-vereinfachung-fuer-bioenergieanlagen-bis-200-kw","status":"publish","type":"post","link":"https:\/\/renewable-carbon.eu\/news\/suedtirol-vereinfachung-fuer-bioenergieanlagen-bis-200-kw\/","title":{"rendered":"S\u00fcdtirol: Vereinfachung f\u00fcr  Bioenergieanlagen bis 200 kW"},"content":{"rendered":"<p><b>Im landwirtschaftlichen Gr\u00fcn sollen k\u00fcnftig kleinere Anlagen zur Gewinnung von Alternativenergie ohne \u00c4nderung der Bauleitpl\u00e4ne errichtet werden k\u00f6nnen, erkl\u00e4rte Dr. Luis Durnwalder, der Landeshauptmann S\u00fcdtirols.<\/b> <\/p>\n<p>Wie von der S\u00fcdtiroler Landesregierung beschlossen, geh\u00f6ren dazu Biogas- und Biomasse-Anlagen mit bis zu 200 Kilowatt Nennleistung, windbetriebene Anlagen mit 50 Kilowatt Leistung, Anlagen f\u00fcr Solarenergie und Photovoltaik mit einer Fl\u00e4che bis zu 50 Quadratmetern (auf D\u00e4chern ist die Fl\u00e4che unbeschr\u00e4nkt).<\/p>\n","protected":false},"excerpt":{"rendered":"<p><b>Im landwirtschaftlichen Gr&uuml;n sollen k&uuml;nftig kleinere Anlagen zur Gewinnung von Alternativenergie ohne &Auml;nderung der Bauleitpl&auml;ne errichtet werden k&ouml;nnen, erkl&auml;rte Dr. Luis Durnwalder, der Landeshauptmann S&uuml;dtirols.<\/b><\/p>\n","protected":false},"author":3,"featured_media":0,"comment_status":"closed","ping_status":"closed","sticky":false,"template":"","format":"standard","meta":{"_seopress_robots_primary_cat":"","nova_meta_subtitle":"","footnotes":""},"categories":[5572],"tags":[],"supplier":[],"class_list":["post-10822","post","type-post","status-publish","format-standard","hentry","category-bio-based"],"_links":{"self":[{"href":"https:\/\/renewable-carbon.eu\/news\/wp-json\/wp\/v2\/posts\/10822","targetHints":{"allow":["GET"]}}],"collection":[{"href":"https:\/\/renewable-carbon.eu\/news\/wp-json\/wp\/v2\/posts"}],"about":[{"href":"https:\/\/renewable-carbon.eu\/news\/wp-json\/wp\/v2\/types\/post"}],"author":[{"embeddable":true,"href":"https:\/\/renewable-carbon.eu\/news\/wp-json\/wp\/v2\/users\/3"}],"replies":[{"embeddable":true,"href":"https:\/\/renewable-carbon.eu\/news\/wp-json\/wp\/v2\/comments?post=10822"}],"version-history":[{"count":0,"href":"https:\/\/renewable-carbon.eu\/news\/wp-json\/wp\/v2\/posts\/10822\/revisions"}],"wp:attachment":[{"href":"https:\/\/renewable-carbon.eu\/news\/wp-json\/wp\/v2\/media?parent=10822"}],"wp:term":[{"taxonomy":"category","embeddable":true,"href":"https:\/\/renewable-carbon.eu\/news\/wp-json\/wp\/v2\/categories?post=10822"},{"taxonomy":"post_tag","embeddable":true,"href":"https:\/\/renewable-carbon.eu\/news\/wp-json\/wp\/v2\/tags?post=10822"},{"taxonomy":"supplier","embeddable":true,"href":"https:\/\/renewable-carbon.eu\/news\/wp-json\/wp\/v2\/supplier?post=10822"}],"curies":[{"name":"wp","href":"https:\/\/api.w.org\/{rel}","templated":true}]}}