{"id":10818,"date":"2008-05-15T00:00:00","date_gmt":"2008-05-14T22:00:00","guid":{"rendered":"http:\/\/www.bio-based.eu\/news\/index.php?startid=20080515-04n"},"modified":"2008-05-15T00:00:00","modified_gmt":"2008-05-14T22:00:00","slug":"depv-wrmegesetze-mssen-einsatz-von-holzenergie-angemessen-bercksichtigen","status":"publish","type":"post","link":"https:\/\/renewable-carbon.eu\/news\/depv-wrmegesetze-mssen-einsatz-von-holzenergie-angemessen-bercksichtigen\/","title":{"rendered":"DEPV: &#8220;W&auml;rmegesetze m&uuml;ssen Einsatz von Holzenergie angemessen ber&uuml;cksichtigen&#8221;"},"content":{"rendered":"<p><b>Landwirtschaftliche Fl\u00e4chen werden mittelfristig wesentlich st\u00e4rker als bisher f\u00fcr den Anbau von Holzplantagen genutzt werden m\u00fcssen. Hierauf verwies der Gesch\u00e4ftsf\u00fchrer des Deutschen Energie-Pellet-Verbandes (<a href=\"http:\/\/www.depv.de\/\" >DEPV<\/a>), Martin Bentele, bei einer gemeinsamen Veranstaltung von <a href=\"http:\/\/www.um.baden-wuerttemberg.de\/\" >Umweltakademie Baden-W\u00fcrttemberg<\/a> und DEPV am Donnerstag, den 8. Mai in Stuttgart.<\/b> <\/p>\n<p>Biomasse kann effektiver als f\u00fcr alle anderen Verwendungen zur W\u00e4rmeerzeugung eingesetzt werden und Energiew\u00e4lder k\u00f6nnen durch ihren mehrj\u00e4hrigen Ansatz in der Feldflur zu einer Steigerung der Biodiversit\u00e4t f\u00fchren, betonte Bentele. Daher rechnet er bundesweit bis zum Jahr 2015 mit bis zu 200.000 Hektar (ha), in Baden-W\u00fcrttemberg mit bis zu 50.000 ha sogenannter Kurzumtriebsw\u00e4lder, die mit schnell wachsenden Baumarten wie Pappel oder Weide begr\u00fcndet werden und f\u00fcr deren Pflege weder D\u00fcnger noch Pflanzenschutzmittel ben\u00f6tigt w\u00fcrden. Mit den Naturschutzverb\u00e4nden befinde man sich hierzu in einem positiven Dialog.<\/p>\n<p><b>Rechtliche M\u00f6glichkeiten f\u00fcr den Anbau schnellwachsender Baumarten m\u00fcssen erweitert werden<\/b><br \/>In der Kulturlandschaft sieht Bentele f\u00fcr Energiew\u00e4lder ausreichend Raum, ohne die Produktion von Nahrungsmitteln zu begrenzen. &#8220;Um f\u00fcr Kurzumtriebsw\u00e4lder Rechtssicherheit zu schaffen, muss der Bundesgesetzgeber aber umgehend t\u00e4tig werden. Er darf einerseits diese Holzplantagen auf landwirtschaftlichen Fl\u00e4chen gesetzlich nicht mehr als Wald definieren. Ansonsten sind auf denjenigen Agrarfl\u00e4chen, die nicht als Stilllegungsfl\u00e4chen definiert sind, aufw\u00e4ndige Aufforstungs- und sp\u00e4ter Umwandlungsverfahren notwendig. Dies w\u00fcrde die sinnvolle und schnelle Ausdehnung solcher Nutzungsfl\u00e4chen behindern&#8221;, sagte der DEPV-Gesch\u00e4ftsf\u00fchrer. Auf der anderen Seite m\u00fcsse aber auch im Wald wieder der Anbau von speziell f\u00fcr die Energiegewinnung vorgesehenem Holz m\u00f6glich sein. Bentele wies darauf hin, dass die fr\u00fcher hierf\u00fcr genutzten, sogenannten Nieder- und Mittelw\u00e4lder unter Naturschutzaspekten heute mit zu den hochwertigste Biotopen im Wald geh\u00f6rten.<\/p>\n<p><b>Die \u00dcbererf\u00fcllung der Nutzungspflicht muss angemessen abgegolten werden<\/b><br \/>Bei den politischen Rahmenbedingungen forderte Bentele von der Politik auf Bundesebene das Potenzial der Holzenergie, die heute rund 80 Prozent der erneuerbaren W\u00e4rme erbringe, angemessen zu ber\u00fccksichtigen. Mit dem Einsatz von Holzpellets erzeuge der Verbraucher in der Regel 100 Prozent des W\u00e4rmebedarfs f\u00fcr sein Geb\u00e4ude auf regenerative Weise, was ansonsten bei keinem anderen Energietr\u00e4ger so einfach m\u00f6glich sei. Dadurch w\u00fcrde die heute in den Erneuerbaren W\u00e4rmegesetzen auf Bundesebene vorgesehene und in Baden-W\u00fcrttemberg bereits umgesetzte Quote, der sogenannten Nutzungspflicht, sowohl im Neubau als auch bei der Renovierung mit Pelletheizungen deutlich \u00fcbertroffen. F\u00fcr eine solche &#8220;\u00dcbererf\u00fcllung&#8221; der gesetzlichen Anforderung m\u00fcsse der Gesetzgeber auf Bundesebene k\u00fcnftig die Bereitstellung entsprechender F\u00f6rdermittel gew\u00e4hrleisten, auch f\u00fcr L\u00e4nder wie Baden-W\u00fcrttemberg, die \u00fcber die Bundesanforderungen hinausgingen, betonte Bentele.<\/p>\n<p>(Vgl. Meldungen vom <a href=\"https:\/\/renewable-carbon.eu\/news\/holzpellets-aus-energiewaldplantage\/\" >2008-04-23<\/a> und <a href=\"https:\/\/renewable-carbon.eu\/news\/ueberkapazitaeten-bei-pelletproduzenten\/\" >2008-03-04<\/a>.)<\/p>\n","protected":false},"excerpt":{"rendered":"<p><b>Landwirtschaftliche Fl&auml;chen werden mittelfristig wesentlich st&auml;rker als bisher f&uuml;r den Anbau von Holzplantagen genutzt werden m&uuml;ssen. Hierauf verwies der Gesch&auml;ftsf&uuml;hrer des Deutschen Energie-Pellet-Verbandes (DEPV), Martin<\/b><\/p>\n","protected":false},"author":3,"featured_media":0,"comment_status":"closed","ping_status":"closed","sticky":false,"template":"","format":"standard","meta":{"_seopress_robots_primary_cat":"","nova_meta_subtitle":"","footnotes":""},"categories":[5572],"tags":[],"supplier":[],"class_list":["post-10818","post","type-post","status-publish","format-standard","hentry","category-bio-based"],"_links":{"self":[{"href":"https:\/\/renewable-carbon.eu\/news\/wp-json\/wp\/v2\/posts\/10818","targetHints":{"allow":["GET"]}}],"collection":[{"href":"https:\/\/renewable-carbon.eu\/news\/wp-json\/wp\/v2\/posts"}],"about":[{"href":"https:\/\/renewable-carbon.eu\/news\/wp-json\/wp\/v2\/types\/post"}],"author":[{"embeddable":true,"href":"https:\/\/renewable-carbon.eu\/news\/wp-json\/wp\/v2\/users\/3"}],"replies":[{"embeddable":true,"href":"https:\/\/renewable-carbon.eu\/news\/wp-json\/wp\/v2\/comments?post=10818"}],"version-history":[{"count":0,"href":"https:\/\/renewable-carbon.eu\/news\/wp-json\/wp\/v2\/posts\/10818\/revisions"}],"wp:attachment":[{"href":"https:\/\/renewable-carbon.eu\/news\/wp-json\/wp\/v2\/media?parent=10818"}],"wp:term":[{"taxonomy":"category","embeddable":true,"href":"https:\/\/renewable-carbon.eu\/news\/wp-json\/wp\/v2\/categories?post=10818"},{"taxonomy":"post_tag","embeddable":true,"href":"https:\/\/renewable-carbon.eu\/news\/wp-json\/wp\/v2\/tags?post=10818"},{"taxonomy":"supplier","embeddable":true,"href":"https:\/\/renewable-carbon.eu\/news\/wp-json\/wp\/v2\/supplier?post=10818"}],"curies":[{"name":"wp","href":"https:\/\/api.w.org\/{rel}","templated":true}]}}