{"id":10813,"date":"2008-05-16T00:00:00","date_gmt":"2008-05-15T22:00:00","guid":{"rendered":"http:\/\/www.bio-based.eu\/news\/index.php?startid=20080516-02n"},"modified":"2008-05-16T00:00:00","modified_gmt":"2008-05-15T22:00:00","slug":"biofolien-von-alesco-als-erfolg-auf-der-interpack","status":"publish","type":"post","link":"https:\/\/renewable-carbon.eu\/news\/biofolien-von-alesco-als-erfolg-auf-der-interpack\/","title":{"rendered":"Biofolien von alesco als Erfolg auf der interpack"},"content":{"rendered":"<p><b>Eine durchweg positive Bilanz zieht die <a href=\"http:\/\/www.alesco.net\/\" >alesco<\/a>-Gesch\u00e4ftsf\u00fchrung vom ersten Biofolien-Messeauftritt auf der <a href=\"http:\/\/www.interpack.de\/\" >Interpack<\/a> 2008 in D\u00fcsseldorf. Am letzten Messetag informierte sich zudem Thomas Rachel, Parlamentarischer Staatssekret\u00e4r im <a href=\"http:\/\/www.bmbf.de\/\" >Bundesministerium f\u00fcr Bildung und Forschung<\/a> und Mitglied des Bundestages, \u00fcber die neue Foliengeneration von alesco.<\/b><\/p>\n<p>Unternehmen von allen Kontinenten hatten w\u00e4hrend der sieben Messetage Interesse an den kompostierbaren Coex-Biofolien auf Basis nachwachsender Rohstoffe gezeigt. Denn w\u00e4hrend Biofolien aus 100 Prozent PLA zwar kristall-klar scheinen, sind sie jedoch sehr unflexibel und nur in Mono-Qualit\u00e4t herstellbar. Die neuen Biofolien von alesco hingegen erhalten durch die Coex-Extrusion hervorragende Barriereeigenschaften bei hoher Flexibilit\u00e4t der Folie und erzielen auch in der Kontakttransparenz sehr gute Werte. Als eine der ersten Anwendungsgebiete wird die Biofolie von alesco in den kommenden Monaten als Beutel den Weg in die Regale finden. Doch nicht nur im Bereich der Beutelverpackungen f\u00fcr Obst und Gem\u00fcse ist das Interesse an den neuen kompostierbaren Biofolien von alesco gro\u00df &#8211; auch viele andere Anwendungsgebiete wurden w\u00e4hrend der Messe an den Folienhersteller aus Langerwehe heran getragen.<\/p>\n<p>Forschungsstaatssekret\u00e4r Thomas Rachel (MdB) zeigte sich bei seinem Besuch am alesco-Stand begeistert von der Entwicklung aus Langerwehe. &#8220;Das ist ein sehr innovatives Produkt, das sicher bald europaweit bekannt sein wird&#8221;, sagte der Bundestagsabgeordnete. &#8220;Solche Innovationen sollte es mehr geben&#8221;, so Rachel, &#8220;da mit ihnen ein wertvoller Beitrag zum Umweltschutz geleistet wird.&#8221; Im Gegensatz zu herk\u00f6mmlichen Plastikt\u00fcten k\u00f6nnen die Biofolien auf Basis nachwachsender Rohstoffe von Verbrauchern \u00fcber die Biotonne der Kompostierung zugef\u00fchrt werden.<\/p>\n<p>(Vgl. Meldung vom <a href=\"https:\/\/renewable-carbon.eu\/news\/nova-bericht-sonderschau-bioplastics-in-packaging\/\" >2008-05-08<\/a>.)<\/p>\n","protected":false},"excerpt":{"rendered":"<p><b>Eine durchweg positive Bilanz zieht die alesco-Gesch&auml;ftsf&uuml;hrung vom ersten Biofolien-Messeauftritt auf der Interpack 2008 in D&uuml;sseldorf. Am letzten Messetag informierte sich zudem Thomas Rachel, Parlamentarischer<\/b><\/p>\n","protected":false},"author":3,"featured_media":0,"comment_status":"closed","ping_status":"closed","sticky":false,"template":"","format":"standard","meta":{"_seopress_robots_primary_cat":"","nova_meta_subtitle":"","footnotes":""},"categories":[5572],"tags":[],"supplier":[],"class_list":["post-10813","post","type-post","status-publish","format-standard","hentry","category-bio-based"],"_links":{"self":[{"href":"https:\/\/renewable-carbon.eu\/news\/wp-json\/wp\/v2\/posts\/10813","targetHints":{"allow":["GET"]}}],"collection":[{"href":"https:\/\/renewable-carbon.eu\/news\/wp-json\/wp\/v2\/posts"}],"about":[{"href":"https:\/\/renewable-carbon.eu\/news\/wp-json\/wp\/v2\/types\/post"}],"author":[{"embeddable":true,"href":"https:\/\/renewable-carbon.eu\/news\/wp-json\/wp\/v2\/users\/3"}],"replies":[{"embeddable":true,"href":"https:\/\/renewable-carbon.eu\/news\/wp-json\/wp\/v2\/comments?post=10813"}],"version-history":[{"count":0,"href":"https:\/\/renewable-carbon.eu\/news\/wp-json\/wp\/v2\/posts\/10813\/revisions"}],"wp:attachment":[{"href":"https:\/\/renewable-carbon.eu\/news\/wp-json\/wp\/v2\/media?parent=10813"}],"wp:term":[{"taxonomy":"category","embeddable":true,"href":"https:\/\/renewable-carbon.eu\/news\/wp-json\/wp\/v2\/categories?post=10813"},{"taxonomy":"post_tag","embeddable":true,"href":"https:\/\/renewable-carbon.eu\/news\/wp-json\/wp\/v2\/tags?post=10813"},{"taxonomy":"supplier","embeddable":true,"href":"https:\/\/renewable-carbon.eu\/news\/wp-json\/wp\/v2\/supplier?post=10813"}],"curies":[{"name":"wp","href":"https:\/\/api.w.org\/{rel}","templated":true}]}}