{"id":10801,"date":"2008-02-20T00:00:00","date_gmt":"2008-02-19T22:00:00","guid":{"rendered":"http:\/\/www.bio-based.eu\/news\/index.php?startid=20080220-07n"},"modified":"2008-02-20T00:00:00","modified_gmt":"2008-02-19T22:00:00","slug":"deutsche-moebelindustrie-mit-umsatzplus-von-59-prozent-im-jahr-2007","status":"publish","type":"post","link":"https:\/\/renewable-carbon.eu\/news\/deutsche-moebelindustrie-mit-umsatzplus-von-59-prozent-im-jahr-2007\/","title":{"rendered":"Deutsche M\u00f6belindustrie mit Umsatzplus von 5,9 Prozent im Jahr 2007"},"content":{"rendered":"<p><b>Die deutsche M\u00f6belindustrie hat im letzten Jahr ein Umsatzplus von 5,9 Prozent erzielt. Insgesamt wurden 2007 M\u00f6bel im Wert von 19,5 Mrd. \u20ac umgesetzt, gegen\u00fcber 18,4 Mrd. im Jahr 2006. Laut Dirk-Uwe Klaas, Hauptgesch\u00e4ftsf\u00fchrer des Verbandes der Deutschen M\u00f6belindustrie (<a href=\"http:\/\/www.wohninformation.de\/\" >VDM<\/a>), konnte dieses gute Ergebnis erzielt werden, weil einerseits das Auslandsgesch\u00e4ft der deutschen M\u00f6belindustrie mit einem Plus von rund 18 Prozent hervorragend laufe und andererseits ein hoher Auftragsbestand wegen der Mehrwertsteuererh\u00f6hung Anfang 2007 abgearbeitet wurde. Im Inland legt die M\u00f6belindustrie lediglich um 2,3 Prozent zu, was preisbereinigt Stagnation bedeutet und zeigt, dass der Konsum in Deutschland nach wie vor nicht anspringt.<\/b><\/p>\n<p>Das gr\u00f6\u00dfte Umsatzplus erzielte die B\u00fcro- und Ladenm\u00f6belindustrie mit 13,2 Prozent (2,9 Mrd. \u20ac) gefolgt von den Wohnm\u00f6beln mit einem Plus von 7,7 Prozent (6,8 Mrd. \u20ac) und den Herstellern von K\u00fcchenm\u00f6beln mit 5,1 Prozent auf 4,1 Mrd. \u20ac. Die Sitzm\u00f6belindustrie legte um 1,7 Prozent zu und erreichte einen Umsatzwert von 4,8 Mrd. \u20ac. Die Hersteller von Matratzen erzielten einen Umsatzzuwachs in H\u00f6he von 2,1% auf 0,9 Mrd. \u20ac.<\/p>\n<p>Die deutsche Holzindustrie insgesamt wuchs im letzten Jahr um 6,2 Prozent auf 39,7 Mrd. \u20ac. Neben der M\u00f6belindustrie z\u00e4hlen zur Holzindustrie die Holzwerkstoffindustrie, die ein Plus von 13,6 Prozent auf 5,8 Mrd. \u20ac erzielte, die Hersteller von Holzbauten und Bauelementen, die einen Umsatzr\u00fcckgang von 1,2 Prozent auf 5,7 Mrd. \u20ac hinnehmen mussten und die S\u00e4gewerksindustrie, die ein Plus von 5,2 Prozent auf 5,4 Mrd. \u20ac erreichte. Hinzu kommen noch die Hersteller von Holzverpackungen, die Sargindustrie, die Musikinstrumentenindustrie sowie die Hersteller von Besen und B\u00fcrsten und die Korbflechter.<\/p>\n<p>Insgesamt besch\u00e4ftigte die deutsche Holzindustrie im letzten Jahr 198.000 Arbeiter und Angestellte und damit rund 2.100 mehr als im Jahr zuvor. Zur Holzindustrie z\u00e4hlen 2.582 \u00fcberwiegend mittelst\u00e4ndische Betriebe. In der M\u00f6belindustrie waren 2007 103.180 Menschen in 1.080 Unternehmen besch\u00e4ftigt. Dies waren rund 400 Besch\u00e4ftigte mehr als im Vorjahr.<\/p>\n<p>Trotz der Umsatzzuw\u00e4chse der letzten beiden Jahre hat die M\u00f6belindustrie damit gerade mal das Umsatzniveau von vor rund 10 Jahren erreicht und sieht sich aufgrund des wirtschaftlich schwierigen Umfeldes noch nicht am Ende des Konsolidierungsprozesses. Um dauerhaft international wettbewerbsf\u00e4hig zu sein, kommt die Industrie laut Klaas an einer Senkung der Lohnst\u00fcckkosten nicht vorbei, weil dringend notwendige Investitionen sonst nicht get\u00e4tigt werden k\u00f6nnen und die Renditesituation dringend dauerhaft verbessert werden muss.<\/p>\n<p><b>Kontakt<\/b><br \/>Ursula Geismann<br \/><a href=\"http:\/\/www.wohninformation.de\/\" >Verband der Deutschen M\u00f6belindustrie (VDM)<\/a><br \/>E-Mail: <a href=\"mailto:u.geismann@wohninformation.de\">u.geismann@wohninformation.de<\/a><\/p>\n<p>Achim Hannott<br \/><a href=\"http:\/\/www.hdh-ev.de\/\" >Hauptverband der Deutschen Holz und Kunststoffe verarbeitenden Industrie und verwandter Industriezweige e.V. (HDH)<\/a><br \/>E-Mail: <a href=\"mailto:a.hannott@hdh-ev.de\">a.hannott@hdh-ev.de<\/a><\/p>\n<p>HDH\/VDM Verb\u00e4nde der Holz- und M\u00f6belindustrie<br \/>Flutgraben 2<br \/>53604 Bad Honnef<br \/>Tel.: 02224-93 77-0<br \/>Fax: 02224-93 77-77<\/p>\n<p>(Vgl. Meldungen vom <a href=\"https:\/\/renewable-carbon.eu\/news\/vhi-um-moebelindustrie-besorgt-rohstoffpreise-werden-weiter-steigen\/\" >2007-07-19<\/a> und <a href=\"https:\/\/renewable-carbon.eu\/news\/holzwirtschaft-im-aufwind\/\" >2007-12-17<\/a>.)<\/p>\n","protected":false},"excerpt":{"rendered":"<p><b>Die deutsche M&ouml;belindustrie hat im letzten Jahr ein Umsatzplus von 5,9 Prozent erzielt. Insgesamt wurden 2007 M&ouml;bel im Wert von 19,5 Mrd. &euro; umgesetzt, gegen&uuml;ber<\/b><\/p>\n","protected":false},"author":3,"featured_media":0,"comment_status":"closed","ping_status":"closed","sticky":false,"template":"","format":"standard","meta":{"_seopress_robots_primary_cat":"","nova_meta_subtitle":"","footnotes":""},"categories":[5572],"tags":[],"supplier":[],"class_list":["post-10801","post","type-post","status-publish","format-standard","hentry","category-bio-based"],"_links":{"self":[{"href":"https:\/\/renewable-carbon.eu\/news\/wp-json\/wp\/v2\/posts\/10801","targetHints":{"allow":["GET"]}}],"collection":[{"href":"https:\/\/renewable-carbon.eu\/news\/wp-json\/wp\/v2\/posts"}],"about":[{"href":"https:\/\/renewable-carbon.eu\/news\/wp-json\/wp\/v2\/types\/post"}],"author":[{"embeddable":true,"href":"https:\/\/renewable-carbon.eu\/news\/wp-json\/wp\/v2\/users\/3"}],"replies":[{"embeddable":true,"href":"https:\/\/renewable-carbon.eu\/news\/wp-json\/wp\/v2\/comments?post=10801"}],"version-history":[{"count":0,"href":"https:\/\/renewable-carbon.eu\/news\/wp-json\/wp\/v2\/posts\/10801\/revisions"}],"wp:attachment":[{"href":"https:\/\/renewable-carbon.eu\/news\/wp-json\/wp\/v2\/media?parent=10801"}],"wp:term":[{"taxonomy":"category","embeddable":true,"href":"https:\/\/renewable-carbon.eu\/news\/wp-json\/wp\/v2\/categories?post=10801"},{"taxonomy":"post_tag","embeddable":true,"href":"https:\/\/renewable-carbon.eu\/news\/wp-json\/wp\/v2\/tags?post=10801"},{"taxonomy":"supplier","embeddable":true,"href":"https:\/\/renewable-carbon.eu\/news\/wp-json\/wp\/v2\/supplier?post=10801"}],"curies":[{"name":"wp","href":"https:\/\/api.w.org\/{rel}","templated":true}]}}