{"id":10790,"date":"2008-02-26T00:00:00","date_gmt":"2008-02-25T22:00:00","guid":{"rendered":"http:\/\/www.bio-based.eu\/news\/index.php?startid=20080226-04n"},"modified":"2008-02-26T00:00:00","modified_gmt":"2008-02-25T22:00:00","slug":"deutsche-forschungsagenda-forstholzpapier-in-berlin-vorgestellt","status":"publish","type":"post","link":"https:\/\/renewable-carbon.eu\/news\/deutsche-forschungsagenda-forstholzpapier-in-berlin-vorgestellt\/","title":{"rendered":"Deutsche Forschungsagenda ForstHolzPapier in Berlin vorgestellt"},"content":{"rendered":"<p><b>Am 20. Februar 2008 wurde die Deutsche Forschungsagenda ForstHolzPapier von der deutschen Gruppe der Forest-based Sector Technology Platform (<a href=\"http:\/\/www.forestplatform.org\/\" >FTP<\/a>) im Rahmen eines Parlamentarischen Abends der \u00d6ffentlichkeit vorgestellt. Mit der Definition der strategischen nationalen Forschungsschwerpunkte des Sektors ForstHolzPapier endet ein einj\u00e4hriger Entwicklungs- und Konsultationsprozess, der von einer breit angelegten Beratung durch Experten aus Wirtschaft und Wissenschaft getragen wurde.<\/b><\/p>\n<p><img SRC=\"https:\/\/renewable-carbon.eu\/news\/wp-content\/uploads\/news-images\/20080226-04\/AgendaLang.jpg\" align=\"right\" style=\"margin-left:10px;\" BORDER=\"0\" ALT=\"AgendaLang.jpg\"\/>&#8220;Mit der Deutschen Forschungsagenda ForstHolzPapier ist es uns gelungen, eine bislang einmalige Vernetzung zu erreichen, die wichtige Impulse f\u00fcr die Forschung setzt und dar\u00fcber hinaus dem Sektor zu mehr Geschlossenheit und Sichtbarkeit verhilft&#8221;, erkl\u00e4rte der Vorsitzende Professor von Teuffel.<\/p>\n<p>Unter dem Leitbild der nachhaltigen Entwicklung setzt die Deutsche Forschungsagenda ForstHolzPapier drei Schwerpunkte:<\/p>\n<ul>\n<li>Klimawandel \u2013 Schutz und Anpassung<\/li>\n<li>Entwicklung einer Bio-\u00d6konomie<\/li>\n<li>Nachhaltige Rohstoffversorgung<\/li>\n<\/ul>\n<p>Die Deutsche Forschungsagenda ForstHolzPapier soll Wirtschaft, Wissenschaft und Politik dazu anregen, eine auf Wachstum und Nachhaltigkeit ausgerichtete wissensbasierte Bio-\u00d6konomie zu etablieren. Zentrale Punkte sind die Entwicklung von innovativen und \u00f6koeffizienten Produkten und Dienstleistungen auf der Basis des Rohstoffes Holz. Hierin eingeschlossen sind dazu erforderliche neuartige und ressourceneffiziente Technologien sowie Ma\u00dfnahmen zur Sicherstellung einer nachhaltigen Versorgung mit den erforderlichen Rohstoffen. Dies bezieht sich sowohl auf Rohholz als auch auf gebrauchte Holz- und Papierprodukte. &#8220;Der Sektor ForstHolzPapier basiert auf einem nachwachsenden Rohstoff und kann daher in hervorragender Weise eine Schl\u00fcsselrolle bei der Bek\u00e4mpfung des Klimawandels spielen&#8221;, betonte von Teuffel.<\/p>\n<p>Die Deutsche Forschungsagenda ForstHolzPapier zeichnet sich durch eine branchen\u00fcbergreifende Identifikation von Forschungsfeldern und \u2013themen aus, die weit \u00fcber rein sektorale oder branchenspezifische Fragestellungen hinausgehen. Im Zuge der Erarbeitung der Forschungsagenda ist sowohl in Deutschland als auch mit Partnern in 23 anderen L\u00e4ndern Europas ein Netzwerk entstanden, das beste Voraussetzungen f\u00fcr die L\u00f6sung der aufgeworfenen Fragestellungen bietet.<\/p>\n<p>Die Anwesenheit zahlreicher hochrangiger Vertreter der Branche, des Parlamentarischen Staatssekret\u00e4rs Thomas Rachel vom Bundesministerium f\u00fcr Bildung und Forschung (<a href=\"http:\/\/www.bmbf.de\/\" >BMBF<\/a>) und von Abgeordneten des Deutschen Bundestags bei dem Parlamentarischen Abend zeige, welche Bedeutung der verst\u00e4rkten und innovativen Nutzung des nachwachsenden Rohstoffes Holz in Deutschland und Europa zur L\u00f6sung der Klimaproblematik beigemessen wird.<\/p>\n<p>&#8220;Es ist gut, dass wir die Gelegenheit haben, Abgeordneten unserer Regierungen in Bund und L\u00e4ndern die gute Botschaft von Forst, Holz und Papier n\u00e4her zu bringen. Wald und Holz sind wie kein anderer Bereich geeignet, zielf\u00fchrende Antworten auf die gro\u00dfen Herausforderungen unserer Zeit zu geben und zu wirklich nachhaltigen L\u00f6sungen beizutragen. Unsere Aufgabe ist es, gemeinsam die Herausforderungen und Chancen anzunehmen und unseren Wirtschaftsbereich zusammen mit hoch professionellen Partnern aus der Forschung zum erfolgreichen Mitstreiter f\u00fcr die Erreichung der Lissabon Ziele und f\u00fcr eine L\u00f6sung der dr\u00e4ngenden Energie- und Klimaprobleme zu machen. Forst, Holz und Papier k\u00f6nnen viel mehr, als man uns bisher zutraut!&#8221;, hob der Pr\u00e4sident des Deutschen Holzwirtschaftsrats und Europ\u00e4ische Projektdirektor der Forest-based Sector Technology Platform, Dr. Wilhelm Vorher, hervor.<\/p>\n<p>Der baden-w\u00fcrttembergische Minister f\u00fcr Ern\u00e4hrung und L\u00e4ndlichen Raum Peter Hauk MdL begr\u00fc\u00dft die Erstellung einer nationalen Forschungsagenda als einen wichtigen Meilenstein, um die Leistungsf\u00e4higkeit und Wettbewerbsf\u00e4higkeit des Sektors ForstHolzPapier zu erhalten und weiter zu st\u00e4rken. &#8220;Mit der Clusterinitiative Forst und Holz, die das Land im Rahmen des Europ\u00e4ischen Fonds zur Regionalen Entwicklung (EFRE) gerade auf den Weg bringt, k\u00f6nnen die Impulse, die die nationale Forschungsagenda setzt, aufgegriffen und in konkrete Forschungsprojekte umgesetzt werden, die an den Bed\u00fcrfnissen der Wirtschaft orientiert sind&#8221;, erkl\u00e4rte der Minister.<\/p>\n<p><b>Weitere Informationen<\/b><br \/>Deutsche Forschungsagenda ForstHolzPapier: <a href=\"https:\/\/renewable-carbon.eu\/news\/wp-content\/uploads\/news-images\/20080226-04\/AgendaKurzfassung.pdf\" >Kurzfassung<\/a> und <a href=\"http:\/\/www.forestplatform.de\/download.php?id=369\" >Langfassung<\/a> (PDF-Dokumente, 0,4 und 7,3 MB)<\/p>\n<p><b>Kontakt und Bestellung der Brosch\u00fcren<\/b><br \/>Postfach 31 01 31<br \/>80102 M\u00fcnchen<br \/>Fax 089-53 16 57<br \/>E-Mail: <a href=\"mailto:mail@dgfh.de\">mail@dgfh.de<\/a><\/p>\n<p>(Vgl. Meldungen vom <a href=\"https:\/\/renewable-carbon.eu\/news\/kompetenzzentrum-forst-holz-papier-gegruendet\/\" >2007-06-30<\/a>, <a href=\"https:\/\/renewable-carbon.eu\/news\/finnischer-forst-cluster-gruendet-forschungs-und-innovationsgesellschaft\/\" >2007-04-12<\/a> und <a href=\"https:\/\/renewable-carbon.eu\/news\/forest-based-industry-unveils-vision-for-2030\/\" >2005-02-21<\/a>.)<\/p>\n","protected":false},"excerpt":{"rendered":"<p><b>Am 20. Februar 2008 wurde die Deutsche Forschungsagenda ForstHolzPapier von der deutschen Gruppe der Forest-based Sector Technology Platform (FTP) im Rahmen eines Parlamentarischen Abends der<\/b><\/p>\n","protected":false},"author":3,"featured_media":0,"comment_status":"closed","ping_status":"closed","sticky":false,"template":"","format":"standard","meta":{"_seopress_robots_primary_cat":"","nova_meta_subtitle":"","footnotes":""},"categories":[5572],"tags":[],"supplier":[],"class_list":["post-10790","post","type-post","status-publish","format-standard","hentry","category-bio-based"],"_links":{"self":[{"href":"https:\/\/renewable-carbon.eu\/news\/wp-json\/wp\/v2\/posts\/10790","targetHints":{"allow":["GET"]}}],"collection":[{"href":"https:\/\/renewable-carbon.eu\/news\/wp-json\/wp\/v2\/posts"}],"about":[{"href":"https:\/\/renewable-carbon.eu\/news\/wp-json\/wp\/v2\/types\/post"}],"author":[{"embeddable":true,"href":"https:\/\/renewable-carbon.eu\/news\/wp-json\/wp\/v2\/users\/3"}],"replies":[{"embeddable":true,"href":"https:\/\/renewable-carbon.eu\/news\/wp-json\/wp\/v2\/comments?post=10790"}],"version-history":[{"count":0,"href":"https:\/\/renewable-carbon.eu\/news\/wp-json\/wp\/v2\/posts\/10790\/revisions"}],"wp:attachment":[{"href":"https:\/\/renewable-carbon.eu\/news\/wp-json\/wp\/v2\/media?parent=10790"}],"wp:term":[{"taxonomy":"category","embeddable":true,"href":"https:\/\/renewable-carbon.eu\/news\/wp-json\/wp\/v2\/categories?post=10790"},{"taxonomy":"post_tag","embeddable":true,"href":"https:\/\/renewable-carbon.eu\/news\/wp-json\/wp\/v2\/tags?post=10790"},{"taxonomy":"supplier","embeddable":true,"href":"https:\/\/renewable-carbon.eu\/news\/wp-json\/wp\/v2\/supplier?post=10790"}],"curies":[{"name":"wp","href":"https:\/\/api.w.org\/{rel}","templated":true}]}}