{"id":10780,"date":"2008-02-29T00:00:00","date_gmt":"2008-02-28T22:00:00","guid":{"rendered":"http:\/\/www.bio-based.eu\/news\/index.php?startid=20080229-01n"},"modified":"2008-02-29T00:00:00","modified_gmt":"2008-02-28T22:00:00","slug":"dezentrale-oelmuehlen-wirtschaftlicher-bedrohung-mit-optimierung-begegnen","status":"publish","type":"post","link":"https:\/\/renewable-carbon.eu\/news\/dezentrale-oelmuehlen-wirtschaftlicher-bedrohung-mit-optimierung-begegnen\/","title":{"rendered":"Dezentrale \u00d6lm\u00fchlen: Wirtschaftlicher Bedrohung mit Optimierung begegnen"},"content":{"rendered":"<p><b>Bei den 4. \u00d6lm\u00fcllertagen des <a href=\"http:\/\/www.bdoel.de\/\" >BDOel e.V.<\/a> in Fulda haben sich 120 Teilnehmer (zum gr\u00f6\u00dften Teil \u00d6lm\u00fcller) \u00fcber Aktuelles aus Steuer und Recht, Rohstoff- und \u00d6lm\u00e4rkte und  Technik und Forschung bei Raps\u00f6l und Rapskuchen informiert.  <\/p>\n<p>Die hohe Teilnehmerzahl sowie die lebhaften Diskussionen w\u00e4hrend und am Rande der Veranstaltung zeigen den \u00dcberlebenswillen der dezentralen \u00d6lm\u00fchlen. Deren Existenz ist durch die Biokraftstoffbesteuerung, den Zusammenbruch des Reinkraftstoffmarktes und durch die Schwierigkeiten bei der Rohstoffbeschaffung massiv bedroht.  Als richtungsweisend f\u00fcr das Bestehen der mittelst\u00e4ndischen dezentralen \u00d6lm\u00fchlen an den potentiellen M\u00e4rkten wurde die kontinuierliche Qualit\u00e4tsverbesserung bzw. die Einf\u00fchrung eines einheitlichen Qualit\u00e4tsmanagementsystems f\u00fcr dezentrale \u00d6lm\u00fchlen identifiziert.<\/b> <\/p>\n<p>In der Hoffnung auf eine &#8220;Reinkarnation der Reinkraftstoffe&#8221;, die sich durch die Abschaffung der Biokraftstoffbesteuerung ergeben k\u00f6nnte, wurde ein offener Brief an Bundeskanzlerin Merkel und den Bundesfinanzminister Peer Steinbr\u00fcck verfasst, der von allen anwesenden \u00d6lm\u00fcllern unterzeichnet wurde. In dem Brief wurde darauf hingewiesen, dass etliche dezentrale \u00d6lm\u00fchlen aufgrund der steuerpolitischen Rahmenbedingungen z.Zt. stillgelegt bzw. ihre Kapazit\u00e4ten auf unter ein Drittel der urspr\u00fcnglichen Verarbeitungsmenge zur\u00fcckgeschraubt h\u00e4tten. Weiterhin wird in dem Schreiben darauf hingewiesen, dass die von der Politik geplante Erh\u00f6hung der Beimischungsquoten f\u00fcr die dezentralen \u00d6lm\u00fchlen nicht nur kein Absatzpotential f\u00fcr die dezentralen \u00d6lm\u00fchlen darstellt, sondern dass die Quoten sogar verst\u00e4rkt die Reinkraftstoffm\u00e4rkte kaputt machen werden. <\/p>\n<p>Der BDoel e.V. fordert daher in dem Schreiben eine F\u00f6rderung der Reinkraftstoffe, wie sie in der EU-Richtlinie EU-Richtlinie 2003\/96\/ EG des Rates vom 27. Oktober 2003 ausdr\u00fccklich gefordert wird, sowie die Aussetzung der Biokraftstoffsteuer, die Senkung des endg\u00fcltigen Steuersatzes f\u00fcr Reinkraftstoffe, die Steuerbefreiung f\u00fcr den \u00f6ffentlichen Nahverkehr (\u00d6PNV) und die Steuerbefreiung statt Steuererstattung f\u00fcr Land- und Forstwirtschaft einschlie\u00dflich der kommunalen und Staatsforsten.  <\/p>\n<p>Auch in der abschlie\u00dfenden Podiumsdiskussion wurden nicht nur die Absatzpotentiale von Raps\u00f6lkraftstoff in Land- und Forstwirtschaft angesichts des marktreifen Pflanzen\u00f6l-Serienschleppers, sondern erneut vor allem die Bedeutung der Qualit\u00e4t des Pflanzen\u00f6ls hervorgehoben. Die DIN V 51605 als wichtigster Qualit\u00e4tsstandard sei aber keine starre Gr\u00f6\u00dfe, sondern m\u00fcsse dem technischen Fortschritt in der Motorenentwicklung und Umr\u00fcstung angepasst werden. <\/p>\n<p>In Sinne der Fortschreibung und Optimierung bestehender Qualit\u00e4tsstandards wurde die gro\u00dfe Bedeutung des partnerschaftlichen Arbeitens  &#8211; vor allem bei der Festlegung von Grenzwerten &#8211; zwischen den \u00d6lm\u00fcllern, der Interessenvertretung und Wissenschaft und Technik hervorgehoben. Weiterer Forschungs- und Entwicklungsbedarf wurde vordringlich in den Bereichen der \u00d6lnachbehandlung  und der Additivierung ermittelt. Nicht alles technisch M\u00f6gliche sei jedoch auch wirtschaftlich und m\u00fcsse gr\u00fcndlich gepr\u00fcft werden.  <\/p>\n<p>In seinem Schlusswort betonte der Vorsitzende des BDOel e.V., G\u00fcnter Hell, dass  man trotz der allgemein pessimistischen Grundstimmung gegen den drohenden Niedergang der dezentralen \u00d6lm\u00fchlen als einer leistungsstarken und innovativen mittelst\u00e4ndischen Branche k\u00e4mpfen werde. &#8220;Durch technische und  betriebswirtschaftliche Optimierungen und gemeinsame Weiterentwicklung innerhalb der Branche k\u00f6nnen wir den wachsenden Anforderungen der Zukunft begegnen&#8221;, so Hell abschlie\u00dfend.  <\/p>\n<p><b>Kontakt<\/b><br \/><a href=\"http:\/\/www.bdoel.de\/\" >BDOel e.V.<\/a><br \/>Werschweilerstr.40<br \/>66606 St. Wendel <br \/>Tel.: 06851-903-545<br \/>Fax: 06851-903-548<br \/>E-Mail: <a href=\"mailto:info@bdoel.de\">info@bdoel.de<\/a><\/p>\n<p>(Vgl. Meldungen vom <a href=\"https:\/\/renewable-carbon.eu\/news\/nova-bericht-erfolgs-kraftstoff-pflanzenoel-zwischen-rohstoffhausse-und-steuerschraube\/\" >2008-02-20<\/a> und <a href=\"https:\/\/renewable-carbon.eu\/news\/ufop-2006-verarbeiteten-dezentrale-oelmuehlen-900-000-t-rapssaat\/\" >2008-01-17<\/a>.)<\/p>\n","protected":false},"excerpt":{"rendered":"<p><b>Bei den 4. &Ouml;lm&uuml;llertagen des BDOel e.V. in Fulda haben sich 120 Teilnehmer (zum gr&ouml;&szlig;ten Teil &Ouml;lm&uuml;ller) &uuml;ber Aktuelles aus Steuer und Recht, Rohstoff- und<\/b><\/p>\n","protected":false},"author":3,"featured_media":0,"comment_status":"closed","ping_status":"closed","sticky":false,"template":"","format":"standard","meta":{"_seopress_robots_primary_cat":"","nova_meta_subtitle":"","footnotes":""},"categories":[5572],"tags":[],"supplier":[],"class_list":["post-10780","post","type-post","status-publish","format-standard","hentry","category-bio-based"],"_links":{"self":[{"href":"https:\/\/renewable-carbon.eu\/news\/wp-json\/wp\/v2\/posts\/10780","targetHints":{"allow":["GET"]}}],"collection":[{"href":"https:\/\/renewable-carbon.eu\/news\/wp-json\/wp\/v2\/posts"}],"about":[{"href":"https:\/\/renewable-carbon.eu\/news\/wp-json\/wp\/v2\/types\/post"}],"author":[{"embeddable":true,"href":"https:\/\/renewable-carbon.eu\/news\/wp-json\/wp\/v2\/users\/3"}],"replies":[{"embeddable":true,"href":"https:\/\/renewable-carbon.eu\/news\/wp-json\/wp\/v2\/comments?post=10780"}],"version-history":[{"count":0,"href":"https:\/\/renewable-carbon.eu\/news\/wp-json\/wp\/v2\/posts\/10780\/revisions"}],"wp:attachment":[{"href":"https:\/\/renewable-carbon.eu\/news\/wp-json\/wp\/v2\/media?parent=10780"}],"wp:term":[{"taxonomy":"category","embeddable":true,"href":"https:\/\/renewable-carbon.eu\/news\/wp-json\/wp\/v2\/categories?post=10780"},{"taxonomy":"post_tag","embeddable":true,"href":"https:\/\/renewable-carbon.eu\/news\/wp-json\/wp\/v2\/tags?post=10780"},{"taxonomy":"supplier","embeddable":true,"href":"https:\/\/renewable-carbon.eu\/news\/wp-json\/wp\/v2\/supplier?post=10780"}],"curies":[{"name":"wp","href":"https:\/\/api.w.org\/{rel}","templated":true}]}}