{"id":10772,"date":"2008-03-04T00:00:00","date_gmt":"2008-03-03T22:00:00","guid":{"rendered":"http:\/\/www.bio-based.eu\/news\/index.php?startid=20080304-07n"},"modified":"2017-10-19T10:27:00","modified_gmt":"2017-10-19T08:27:00","slug":"rehau-setzt-auf-wpc-kompetenz","status":"publish","type":"post","link":"https:\/\/renewable-carbon.eu\/news\/rehau-setzt-auf-wpc-kompetenz\/","title":{"rendered":"Rehau setzt auf WPC-Kompetenz"},"content":{"rendered":"<p><b>Der seit 1962 bestehende Produktionsstandort Neulengbach (Nieder\u00f6sterreich) des deutschen Werkstoff-Spezialisten <a href=\"http:\/\/www.rehau.de\/\">Rehau<\/a> soll zum europaweiten Kompetenz-Center f\u00fcr Holz-Polymere ausgebaut werden. Mit Wood-Polymer-Composites (WPC) will sich das seit Jahren in diesem Bereich aktive Unternehmen als europaweiter Spezialist f\u00fcr Polymer-Produkte durchsetzen.<\/b><\/p>\n<p>Wie die <a href=\"http:\/\/www.noen.at\/\">Nieder\u00f6sterreichischen Nachrichten<\/a> berichten, wird seit Februar in Neulengbach eine Produktionsanlage f\u00fcr die Gewinnung von WPC als Decksystem f\u00fcr Terrassen betrieben. Peter Nadig, Rehau-\u00d6sterreich und S\u00fcdosteuropa-Chef: &#8220;Insgesamt 1,7 Millionen Euro haben wir in die Entwicklung investiert. In der Anfangsphase stellen wir pro Jahr 700 Tonnen des Decking-Systems Relazzo her.&#8221; Doch das ist laut Nadig erst der Beginn. Eine zweite Anlage ist bereits in Planung, eine dritte h\u00e4lt der Manager wegen des erheblichen Marktpotenzials dieses Werkstoffs f\u00fcr realistisch.<\/p>\n<p><b>Europaweiter Marktanteil von 15 Prozent angepeilt<\/b><br \/>\nRehau sch\u00e4tzt den Jahresbedarf von WPC-Decksystemen f\u00fcr Terrassen europaweit auf bis zu 40.000 Tonnen, bis 2010 soll dieser Anteil um 30 Prozent steigen. &#8220;Langfristig planen wir am WPC-Sektor die Marktf\u00fchrerschaft und einen Marktanteil von 15 Prozent. Durch den Ausbau der Anlagen werden wir bis 2011 die Mitarbeiteranzahl um 25 auf 275 erh\u00f6hen&#8221;, so Nadig.<\/p>\n<p><b>Weitere Informationen<\/b><br \/>\nBeitrag <a href=\"http:\/\/www.noen.at\/redaktion\/noeg\/article.asp?Text=258343&amp;cat=295\">Innovation aus N\u00d6 sichert Jobs<\/a> in den Nieder\u00f6sterreichischen Nachrichten vom 2008-03-03.<\/p>\n<p>(Vgl. Meldungen vom <a href=\"https:\/\/renewable-carbon.eu\/news\/vhi-stellt-erstes-qualitaetssiegel-fuer-holz-polymer-werkstoffe-vor\/\">2008-01-18<\/a> und <a href=\"https:\/\/renewable-carbon.eu\/news\/nova-kongressbericht-wpc-kongress-wichtigster-treffpunkt-der-wachsenden-branche\/\">2007-12-07<\/a>.)<\/p>\n","protected":false},"excerpt":{"rendered":"<p><b>Der seit 1962 bestehende Produktionsstandort Neulengbach (Nieder&ouml;sterreich) des deutschen Werkstoff-Spezialisten Rehau soll zum europaweiten Kompetenz-Center f&uuml;r Holz-Polymere ausgebaut werden. Mit Wood-Polymer-Composites (WPC) will sich das<\/b><\/p>\n","protected":false},"author":3,"featured_media":0,"comment_status":"closed","ping_status":"closed","sticky":false,"template":"","format":"standard","meta":{"_seopress_robots_primary_cat":"","nova_meta_subtitle":"","footnotes":""},"categories":[5572],"tags":[],"supplier":[],"class_list":["post-10772","post","type-post","status-publish","format-standard","hentry","category-bio-based"],"_links":{"self":[{"href":"https:\/\/renewable-carbon.eu\/news\/wp-json\/wp\/v2\/posts\/10772","targetHints":{"allow":["GET"]}}],"collection":[{"href":"https:\/\/renewable-carbon.eu\/news\/wp-json\/wp\/v2\/posts"}],"about":[{"href":"https:\/\/renewable-carbon.eu\/news\/wp-json\/wp\/v2\/types\/post"}],"author":[{"embeddable":true,"href":"https:\/\/renewable-carbon.eu\/news\/wp-json\/wp\/v2\/users\/3"}],"replies":[{"embeddable":true,"href":"https:\/\/renewable-carbon.eu\/news\/wp-json\/wp\/v2\/comments?post=10772"}],"version-history":[{"count":0,"href":"https:\/\/renewable-carbon.eu\/news\/wp-json\/wp\/v2\/posts\/10772\/revisions"}],"wp:attachment":[{"href":"https:\/\/renewable-carbon.eu\/news\/wp-json\/wp\/v2\/media?parent=10772"}],"wp:term":[{"taxonomy":"category","embeddable":true,"href":"https:\/\/renewable-carbon.eu\/news\/wp-json\/wp\/v2\/categories?post=10772"},{"taxonomy":"post_tag","embeddable":true,"href":"https:\/\/renewable-carbon.eu\/news\/wp-json\/wp\/v2\/tags?post=10772"},{"taxonomy":"supplier","embeddable":true,"href":"https:\/\/renewable-carbon.eu\/news\/wp-json\/wp\/v2\/supplier?post=10772"}],"curies":[{"name":"wp","href":"https:\/\/api.w.org\/{rel}","templated":true}]}}